{"id":41130,"date":"2022-02-16T16:55:06","date_gmt":"2022-02-16T22:55:06","guid":{"rendered":"https:\/\/nvnoticias.mx\/?p=41130"},"modified":"2022-02-16T16:56:52","modified_gmt":"2022-02-16T22:56:52","slug":"mexico-podria-alcanzar-su-meta-de-vacunacion-contra-covid-19-antes-de-tiempo-ops","status":"publish","type":"post","link":"https:\/\/nvnoticias.mx\/index.php\/2022\/02\/16\/mexico-podria-alcanzar-su-meta-de-vacunacion-contra-covid-19-antes-de-tiempo-ops\/","title":{"rendered":"M\u00e9xico podr\u00eda alcanzar su meta de vacunaci\u00f3n contra Covid-19 antes de tiempo: OPS"},"content":{"rendered":"\n<p>Expertos de la Organizaci\u00f3n Panamericana de la Salud (OPS) estiman que, de mantener el ritmo de vacunaci\u00f3n actual, M\u00e9xico cumplir\u00e1 con la meta establecida por la Organizaci\u00f3n Mundial de la Salud (OMS).<\/p>\n\n\n\n<p>Durante la conferencia de este mi\u00e9rcoles, el subdirector de la OPS, Jarbas Barbosa, destac\u00f3 que M\u00e9xico ya cuenta con un poco m\u00e1s del 60 por ciento de la poblaci\u00f3n\u00a0completamente vacunada.<\/p>\n\n\n\n<blockquote class=\"wp-block-quote is-layout-flow wp-block-quote-is-layout-flow\"><p>\u201c<em>Pero todav\u00eda tenemos que alcanzar m\u00e1s del 70 por ciento, que es la meta establecida por la OMS para junio, pero seguro que M\u00e9xico puede alcanzar antes que junio<\/em>\u201d, se\u00f1al\u00f3.<\/p><\/blockquote>\n\n\n\n<p>Barbosa agreg\u00f3 que, para que la vacuna pueda seguir protegiendo a la poblaci\u00f3n y salvando vidas, es importante contar con un acceso a una\u00a0tercera dosis, en particular para adultos mayores, as\u00ed como personas con enfermedades cr\u00f3nicas y sistemas inmunes deprimidos.<\/p>\n\n\n\n<p>Por su parte, el gerente de incidencia para Covid-19 de la OPS, Sylvain Aldighieri, report\u00f3 que en M\u00e9xico se ha observado durante las \u00faltimas tres semanas una\u00a0reducci\u00f3n de los casos activos\u00a0de un 62%. Sin embargo, advirti\u00f3 que esta tendencia epidemiol\u00f3gica podr\u00eda variar.<\/p>\n\n\n\n<blockquote class=\"wp-block-quote is-layout-flow wp-block-quote-is-layout-flow\"><p>&#8220;<em>A la fecha se sigue observando una\u00a0tendencia a la baja, sin embargo, ser\u00eda prematuro hacer proyecciones a corto y mediano plazo, dado la inestabilidad de la situaci\u00f3n internacional, global, y regiona<\/em>l\u201d.<\/p><\/blockquote>\n\n\n\n<p>La directora de la OPS, Carissa Etienne, report\u00f3 que en el continente el n\u00famero de nuevas\u00a0infecciones por Covid-19\u00a0cay\u00f3 un 31% en los \u00faltimos siete d\u00edas, logrando as\u00ed seis semanas consecutivas de bajas, aunque las muertes siguieron aumentando un 5.6%<\/p>\n\n\n\n<p>La mitad de los 34 mil fallecimientos fueron reportados en Estados Unidos, mientras pa\u00edses de la regi\u00f3n vieron un aumento de los decesos tras un incremento de las hospitalizaciones e ingresos en terapias intensivas debido a la\u00a0variante \u00f3micron.<\/p>\n\n\n\n<p>En Am\u00e9rica del Sur, Brasil registr\u00f3 el\u00a0n\u00famero m\u00e1s alto de muertes, marcando un r\u00e9cord para esta nueva ola.<\/p>\n\n\n\n<p>\u201cSin dudas, \u00d3micron nos sobrepas\u00f3\u201d, sostuvo Etienne, y recalc\u00f3 que el covid-19 \u201cha sido m\u00e1s letal en Am\u00e9rica que en cualquier otra regi\u00f3n del mundo\u201d.<\/p>\n\n\n\n<p>Fuente: Aristegui Noticias <\/p>\n","protected":false},"excerpt":{"rendered":"<p>Expertos de la Organizaci\u00f3n Panamericana de la Salud (OPS) estiman que, de mantener el ritmo de vacunaci\u00f3n actual, M\u00e9xico cumplir\u00e1 con la meta establecida por la Organizaci\u00f3n Mundial de la Salud (OMS). Durante la conferencia de este mi\u00e9rcoles, el subdirector de la OPS, Jarbas Barbosa, destac\u00f3 que M\u00e9xico ya cuenta con un poco m\u00e1s del [&hellip;]<\/p>\n","protected":false},"author":8,"featured_media":1259,"comment_status":"open","ping_status":"open","sticky":false,"template":"","format":"standard","meta":{"_monsterinsights_skip_tracking":false,"_monsterinsights_sitenote_active":false,"_monsterinsights_sitenote_note":"","_monsterinsights_sitenote_category":0,"footnotes":""},"categories":[157],"tags":[175,2726,162,809],"class_list":["post-41130","post","type-post","status-publish","format-standard","has-post-thumbnail","hentry","category-nacional","tag-covid-19","tag-ops","tag-portada","tag-vacunacion","wp-image-borders"],"amp_enabled":true,"_links":{"self":[{"href":"https:\/\/nvnoticias.mx\/index.php\/wp-json\/wp\/v2\/posts\/41130","targetHints":{"allow":["GET"]}}],"collection":[{"href":"https:\/\/nvnoticias.mx\/index.php\/wp-json\/wp\/v2\/posts"}],"about":[{"href":"https:\/\/nvnoticias.mx\/index.php\/wp-json\/wp\/v2\/types\/post"}],"author":[{"embeddable":true,"href":"https:\/\/nvnoticias.mx\/index.php\/wp-json\/wp\/v2\/users\/8"}],"replies":[{"embeddable":true,"href":"https:\/\/nvnoticias.mx\/index.php\/wp-json\/wp\/v2\/comments?post=41130"}],"version-history":[{"count":1,"href":"https:\/\/nvnoticias.mx\/index.php\/wp-json\/wp\/v2\/posts\/41130\/revisions"}],"predecessor-version":[{"id":41131,"href":"https:\/\/nvnoticias.mx\/index.php\/wp-json\/wp\/v2\/posts\/41130\/revisions\/41131"}],"wp:featuredmedia":[{"embeddable":true,"href":"https:\/\/nvnoticias.mx\/index.php\/wp-json\/wp\/v2\/media\/1259"}],"wp:attachment":[{"href":"https:\/\/nvnoticias.mx\/index.php\/wp-json\/wp\/v2\/media?parent=41130"}],"wp:term":[{"taxonomy":"category","embeddable":true,"href":"https:\/\/nvnoticias.mx\/index.php\/wp-json\/wp\/v2\/categories?post=41130"},{"taxonomy":"post_tag","embeddable":true,"href":"https:\/\/nvnoticias.mx\/index.php\/wp-json\/wp\/v2\/tags?post=41130"}],"curies":[{"name":"wp","href":"https:\/\/api.w.org\/{rel}","templated":true}]}}