{"id":41106,"date":"2022-02-16T14:00:41","date_gmt":"2022-02-16T20:00:41","guid":{"rendered":"https:\/\/nvnoticias.mx\/?p=41106"},"modified":"2022-02-16T14:00:42","modified_gmt":"2022-02-16T20:00:42","slug":"periodistas-guardan-minuto-de-silencio-en-la-mananera","status":"publish","type":"post","link":"https:\/\/nvnoticias.mx\/index.php\/2022\/02\/16\/periodistas-guardan-minuto-de-silencio-en-la-mananera\/","title":{"rendered":"Periodistas guardan minuto de silencio en la ma\u00f1anera"},"content":{"rendered":"\n<p>Este mi\u00e9rcoles al finalizar la conferencia de prensa del\u00a0presidente Andr\u00e9s Manuel L\u00f3pez Obrador\u00a0se guard\u00f3\u00a0un minuto de silencio\u00a0en\u00a0recuerdo\u00a0a los\u00a0reporteros asesinados\u00a0en M\u00e9xico, que este a\u00f1o suma cinco.<\/p>\n\n\n\n<p>Esto tras las protestas que llevaron a cabo ayer reporteros y periodistas de la C\u00e1mara de Diputados y Senado para exigir justicia por los\u00a0periodistas asesinados\u00a0en el pa\u00eds.<\/p>\n\n\n\n<p>A las 08:52 horas, un reportero pidi\u00f3 permanecer un momento en el sal\u00f3n Tesorer\u00eda para guarda\u00a0un minuto de silencio\u00a0por los compa\u00f1eros que han perdido la vida.<\/p>\n\n\n\n<p>Casi al final, Rodolfo Montes, reportero independiente -quien minutos antes le hab\u00eda comentado al presidente que no plantear\u00eda preguntas en solidaridad y en protestas por los periodistas asesinados &#8211; grit\u00f3&nbsp; \u201c\u00a1Nos queremos vivos!\u201d<\/p>\n\n\n\n<p>Ayer, en dos diferentes momentos, periodistas de diversos medios de comunicaci\u00f3n protestaron tanto en la C\u00e1mara de Diputados como en el Senado de la Rep\u00fablica por los recientes asesinatos de comunicadores en el pa\u00eds y por las agresiones verbales en su contra por parte de legisladores de Morena.<\/p>\n\n\n\n<p>En el pleno de San L\u00e1zaro, los periodistas que cubren la C\u00e1mara de Diputados interrumpieron la sesi\u00f3n ordinaria de ayer para exigir libertad de prensa.<\/p>\n\n\n\n<p>Durante el debate de una iniciativa para que los partidos pol\u00edticos puedan devolver sus prerrogativas en cualquier momento, las y los comunicadores dieron la espalda al pleno con el pu\u00f1o arriba, y gritaron: \u201c\u00a1Nos queremos vivos!, \u00a1nos queremos vivos!\u201d.<\/p>\n\n\n\n<p>En la C\u00e1mara Alta, medio centenar de periodistas, reporteros gr\u00e1ficos y camar\u00f3grafos que cubren el Senado de la Rep\u00fablica dejaron sin qu\u00f3rum una conferencia de prensa convocada por la bancada de Morena, en la que se presentar\u00eda un comunicado que ya hab\u00eda sido difundido la noche anterior.<\/p>\n\n\n\n<p>Los periodistas optaron por no asistir a la rueda de prensa al considerar que la informaci\u00f3n en la que se acusa de mercenarios a quienes se oponen al proyecto del presidente Andr\u00e9s Manuel L\u00f3pez Obrador era reiterativa. Pero tambi\u00e9n por el maltrato verbal de algunos senadores, como Antares V\u00e1zquez, en contra del gremio period\u00edstico, y por el desd\u00e9n del partido oficialista ante los asesinatos de comunicadores.<\/p>\n\n\n\n<p>Sin ning\u00fan representante de los medios, por primera vez en la historia del Senado y encabezados por el vocero de la bancada, C\u00e9sar Cravioto, una veintena de morenistas acudieron a la conferencia en el Patio del Federalismo. El coordinador, Ricardo Monreal, no asisti\u00f3.<\/p>\n\n\n\n<p>Fuente: El Universal <\/p>\n","protected":false},"excerpt":{"rendered":"<p>Este mi\u00e9rcoles al finalizar la conferencia de prensa del\u00a0presidente Andr\u00e9s Manuel L\u00f3pez Obrador\u00a0se guard\u00f3\u00a0un minuto de silencio\u00a0en\u00a0recuerdo\u00a0a los\u00a0reporteros asesinados\u00a0en M\u00e9xico, que este a\u00f1o suma cinco. Esto tras las protestas que llevaron a cabo ayer reporteros y periodistas de la C\u00e1mara de Diputados y Senado para exigir justicia por los\u00a0periodistas asesinados\u00a0en el pa\u00eds. A las 08:52 [&hellip;]<\/p>\n","protected":false},"author":8,"featured_media":41107,"comment_status":"open","ping_status":"open","sticky":false,"template":"","format":"standard","meta":{"_monsterinsights_skip_tracking":false,"_monsterinsights_sitenote_active":false,"_monsterinsights_sitenote_note":"","_monsterinsights_sitenote_category":0,"footnotes":""},"categories":[157],"tags":[505,457],"class_list":["post-41106","post","type-post","status-publish","format-standard","has-post-thumbnail","hentry","category-nacional","tag-mananera","tag-periodistas","wp-image-borders"],"amp_enabled":true,"_links":{"self":[{"href":"https:\/\/nvnoticias.mx\/index.php\/wp-json\/wp\/v2\/posts\/41106","targetHints":{"allow":["GET"]}}],"collection":[{"href":"https:\/\/nvnoticias.mx\/index.php\/wp-json\/wp\/v2\/posts"}],"about":[{"href":"https:\/\/nvnoticias.mx\/index.php\/wp-json\/wp\/v2\/types\/post"}],"author":[{"embeddable":true,"href":"https:\/\/nvnoticias.mx\/index.php\/wp-json\/wp\/v2\/users\/8"}],"replies":[{"embeddable":true,"href":"https:\/\/nvnoticias.mx\/index.php\/wp-json\/wp\/v2\/comments?post=41106"}],"version-history":[{"count":1,"href":"https:\/\/nvnoticias.mx\/index.php\/wp-json\/wp\/v2\/posts\/41106\/revisions"}],"predecessor-version":[{"id":41108,"href":"https:\/\/nvnoticias.mx\/index.php\/wp-json\/wp\/v2\/posts\/41106\/revisions\/41108"}],"wp:featuredmedia":[{"embeddable":true,"href":"https:\/\/nvnoticias.mx\/index.php\/wp-json\/wp\/v2\/media\/41107"}],"wp:attachment":[{"href":"https:\/\/nvnoticias.mx\/index.php\/wp-json\/wp\/v2\/media?parent=41106"}],"wp:term":[{"taxonomy":"category","embeddable":true,"href":"https:\/\/nvnoticias.mx\/index.php\/wp-json\/wp\/v2\/categories?post=41106"},{"taxonomy":"post_tag","embeddable":true,"href":"https:\/\/nvnoticias.mx\/index.php\/wp-json\/wp\/v2\/tags?post=41106"}],"curies":[{"name":"wp","href":"https:\/\/api.w.org\/{rel}","templated":true}]}}