{"id":41025,"date":"2022-02-16T11:09:21","date_gmt":"2022-02-16T17:09:21","guid":{"rendered":"https:\/\/nvnoticias.mx\/?p=41025"},"modified":"2022-02-16T11:26:56","modified_gmt":"2022-02-16T17:26:56","slug":"frente-nacional-por-la-familia-exige-cese-a-las-agresiones-contra-periodistas","status":"publish","type":"post","link":"https:\/\/nvnoticias.mx\/index.php\/2022\/02\/16\/frente-nacional-por-la-familia-exige-cese-a-las-agresiones-contra-periodistas\/","title":{"rendered":"Frente Nacional por la Familia exige cese a las agresiones contra periodistas"},"content":{"rendered":"\n<p><strong>Sam Ojeda\u00a0| NV Noticias<\/strong><\/p>\n\n\n\n<p>Xalapa.- El Frente Nacional por la Familia Xalapa exigieron frenar las agresiones verbales y f\u00edsicas a periodistas y comunicadores en el pa\u00eds y Veracruz.<\/p>\n\n\n\n<p>En conferencia de prensa, el presiente del Frente, Gustavo Balderas, indic\u00f3 que el ejercicio de la profesi\u00f3n period\u00edstica se ha convertido en una actividad de alto riesgo en M\u00e9xico, pues no han transcurrido 60 d\u00edas del presente a\u00f1o y ya han sido asesinados cinco periodistas.<\/p>\n\n\n\n<blockquote class=\"wp-block-quote is-layout-flow wp-block-quote-is-layout-flow\"><p>\u201cEl pa\u00eds ha pasado a ser el m\u00e1s peligroso del mundo para ejercer la noble profesi\u00f3n de investigar e informar a la sociedad de los acontecimientos de relevancia tanto local como nacional\u201d.<\/p><\/blockquote>\n\n\n\n<p>Dijo que los periodistas son v\u00edctimas del clima de violencia, agresi\u00f3n y linchamiento que los pone en continuo riesgo, sin que los diferentes niveles de gobierno hayan podido hasta ahora garantizar su seguridad.<\/p>\n\n\n\n<blockquote class=\"wp-block-quote is-layout-flow wp-block-quote-is-layout-flow\"><p>\u201cExigimos que el Gobierno federal y estatal garanticen la seguridad personal y familiar de periodistas y comunicadores en todo el pa\u00eds y se esclarezcan los asesinatos de Jos\u00e9 Luis Gamboa Arenas, Margarito Martinez Esquivel, Maria de Lourdes Maldonado L\u00f3pez, Roberto Toledo Barrera y Heber L\u00f3pez V\u00e1zquez\u201d.<\/p><\/blockquote>\n\n\n\n<p>Adem\u00e1s, que se terminen los linchamientos p\u00fablicos y las agresiones verbales y f\u00edsicas a periodistas y comunicadores por parte de los diferentes actores sociales y pol\u00edticos de nuestro Estado y del pa\u00eds.<\/p>\n\n\n\n<blockquote class=\"wp-block-quote is-layout-flow wp-block-quote-is-layout-flow\"><p>\u201cEstamos seguros de la probidad y profesionalismo porque as\u00ed nos lo han demostrado en diversas ocasiones, de la gran mayor\u00eda de los periodistas, particularmente los veracruzanos, comprometidos con la difusi\u00f3n veraz y objetiva de las noticias, para conocimiento y formaci\u00f3n de criterio de la ciudadan\u00eda\u201d.<\/p><\/blockquote>\n","protected":false},"excerpt":{"rendered":"<p>Sam Ojeda\u00a0| NV Noticias Xalapa.- El Frente Nacional por la Familia Xalapa exigieron frenar las agresiones verbales y f\u00edsicas a periodistas y comunicadores en el pa\u00eds y Veracruz. En conferencia de prensa, el presiente del Frente, Gustavo Balderas, indic\u00f3 que el ejercicio de la profesi\u00f3n period\u00edstica se ha convertido en una actividad de alto riesgo [&hellip;]<\/p>\n","protected":false},"author":7,"featured_media":41028,"comment_status":"open","ping_status":"open","sticky":false,"template":"","format":"standard","meta":{"_monsterinsights_skip_tracking":false,"_monsterinsights_sitenote_active":false,"_monsterinsights_sitenote_note":"","_monsterinsights_sitenote_category":0,"footnotes":""},"categories":[156],"tags":[2985,1207,457],"class_list":["post-41025","post","type-post","status-publish","format-standard","has-post-thumbnail","hentry","category-estado","tag-agresiones","tag-frente-nacional-por-la-familia","tag-periodistas","wp-image-borders"],"amp_enabled":true,"_links":{"self":[{"href":"https:\/\/nvnoticias.mx\/index.php\/wp-json\/wp\/v2\/posts\/41025","targetHints":{"allow":["GET"]}}],"collection":[{"href":"https:\/\/nvnoticias.mx\/index.php\/wp-json\/wp\/v2\/posts"}],"about":[{"href":"https:\/\/nvnoticias.mx\/index.php\/wp-json\/wp\/v2\/types\/post"}],"author":[{"embeddable":true,"href":"https:\/\/nvnoticias.mx\/index.php\/wp-json\/wp\/v2\/users\/7"}],"replies":[{"embeddable":true,"href":"https:\/\/nvnoticias.mx\/index.php\/wp-json\/wp\/v2\/comments?post=41025"}],"version-history":[{"count":1,"href":"https:\/\/nvnoticias.mx\/index.php\/wp-json\/wp\/v2\/posts\/41025\/revisions"}],"predecessor-version":[{"id":41029,"href":"https:\/\/nvnoticias.mx\/index.php\/wp-json\/wp\/v2\/posts\/41025\/revisions\/41029"}],"wp:featuredmedia":[{"embeddable":true,"href":"https:\/\/nvnoticias.mx\/index.php\/wp-json\/wp\/v2\/media\/41028"}],"wp:attachment":[{"href":"https:\/\/nvnoticias.mx\/index.php\/wp-json\/wp\/v2\/media?parent=41025"}],"wp:term":[{"taxonomy":"category","embeddable":true,"href":"https:\/\/nvnoticias.mx\/index.php\/wp-json\/wp\/v2\/categories?post=41025"},{"taxonomy":"post_tag","embeddable":true,"href":"https:\/\/nvnoticias.mx\/index.php\/wp-json\/wp\/v2\/tags?post=41025"}],"curies":[{"name":"wp","href":"https:\/\/api.w.org\/{rel}","templated":true}]}}