{"id":40941,"date":"2022-02-15T13:08:03","date_gmt":"2022-02-15T19:08:03","guid":{"rendered":"https:\/\/nvnoticias.mx\/?p=40941"},"modified":"2022-02-15T13:08:04","modified_gmt":"2022-02-15T19:08:04","slug":"artistas-veracruzanos-piden-ser-prioridad-en-los-contratos-que-se-generen-este-ano","status":"publish","type":"post","link":"https:\/\/nvnoticias.mx\/index.php\/2022\/02\/15\/artistas-veracruzanos-piden-ser-prioridad-en-los-contratos-que-se-generen-este-ano\/","title":{"rendered":"Artistas veracruzanos piden ser prioridad en los contratos que se generen este a\u00f1o"},"content":{"rendered":"\n<p><strong>Jes\u00fas Utrilla \/ NV Noticias<\/strong><\/p>\n\n\n\n<p>Para que se reactive verdaderamente la econom\u00eda en Veracruz se deber\u00e1 consumir lo local, incluyendo la m\u00fasica de artistas veracruzanos.<\/p>\n\n\n\n<p>Carlos D\u00edaz, de la orquesta Juventud Salsera, confi\u00f3 que este a\u00f1o las autoridades den prioridad a las orquestas y grupos locales en la realizaci\u00f3n de fiestas y eventos masivos.<\/p>\n\n\n\n<p>Dijo que si los contratan en fiestas patronales y actividades como el Carnaval de Veracruz 2022, contemplado para el verano, se podr\u00e1 generar flujo de recursos que beneficiar\u00e1 a todos.<\/p>\n\n\n\n<blockquote class=\"wp-block-quote is-layout-flow wp-block-quote-is-layout-flow\"><p>\u201c<em>Hay mucha cultura salsera y mucho m\u00fasico talentoso que pueden representar dignamente y con calidad en eventos como el Carnaval o en festivales de salsa internacional como lo hacen en la Ciudad de M\u00e9xico. Deber\u00edan ser primero lo de aqu\u00ed<\/em>\u201d.<\/p><\/blockquote>\n\n\n\n<p>Reconoci\u00f3 que a diferencia de otras ciudades y partes del mundo, en Veracruz s\u00ed se reconoce el trabajo de los artistas locales y ahora m\u00e1s que nunca se les debe dar prioridad en los contratos que se generen para eventos masivos a lo largo del a\u00f1o.<\/p>\n\n\n\n<p>Y es que el sector fue de los primeros en detener actividades con la pandemia y por lo tanto el que m\u00e1s ha sufrido en t\u00e9rminos econ\u00f3micos por la falta de ingresos.<\/p>\n\n\n\n<blockquote class=\"wp-block-quote is-layout-flow wp-block-quote-is-layout-flow\"><p>\u201c<em>Por ejemplo en Cali, en su feria llegan a tomar en cuenta a los extranjeros pero aqu\u00ed me he dado cuenta que hay un poco m\u00e1s de apoyo porque hay mucho movimiento musical en el puerto<\/em>\u201d.<\/p><\/blockquote>\n\n\n\n<p>En el caso de las orquestas tuvieron que reducir el n\u00famero de elementos para aprovechar los escasos contratos que se generaron en 2021 y el inicio de 2022.<br>Incluso bajaron sus precios para ser contratados y obtener ingresos.<\/p>\n","protected":false},"excerpt":{"rendered":"<p>Jes\u00fas Utrilla \/ NV Noticias Para que se reactive verdaderamente la econom\u00eda en Veracruz se deber\u00e1 consumir lo local, incluyendo la m\u00fasica de artistas veracruzanos. Carlos D\u00edaz, de la orquesta Juventud Salsera, confi\u00f3 que este a\u00f1o las autoridades den prioridad a las orquestas y grupos locales en la realizaci\u00f3n de fiestas y eventos masivos. Dijo [&hellip;]<\/p>\n","protected":false},"author":8,"featured_media":37844,"comment_status":"open","ping_status":"open","sticky":false,"template":"","format":"standard","meta":{"_monsterinsights_skip_tracking":false,"_monsterinsights_sitenote_active":false,"_monsterinsights_sitenote_note":"","_monsterinsights_sitenote_category":0,"footnotes":""},"categories":[154],"tags":[2464,377,180],"class_list":["post-40941","post","type-post","status-publish","format-standard","has-post-thumbnail","hentry","category-veracruz","tag-artistas","tag-contratos","tag-veracruz","wp-image-borders"],"amp_enabled":true,"_links":{"self":[{"href":"https:\/\/nvnoticias.mx\/index.php\/wp-json\/wp\/v2\/posts\/40941","targetHints":{"allow":["GET"]}}],"collection":[{"href":"https:\/\/nvnoticias.mx\/index.php\/wp-json\/wp\/v2\/posts"}],"about":[{"href":"https:\/\/nvnoticias.mx\/index.php\/wp-json\/wp\/v2\/types\/post"}],"author":[{"embeddable":true,"href":"https:\/\/nvnoticias.mx\/index.php\/wp-json\/wp\/v2\/users\/8"}],"replies":[{"embeddable":true,"href":"https:\/\/nvnoticias.mx\/index.php\/wp-json\/wp\/v2\/comments?post=40941"}],"version-history":[{"count":1,"href":"https:\/\/nvnoticias.mx\/index.php\/wp-json\/wp\/v2\/posts\/40941\/revisions"}],"predecessor-version":[{"id":40942,"href":"https:\/\/nvnoticias.mx\/index.php\/wp-json\/wp\/v2\/posts\/40941\/revisions\/40942"}],"wp:featuredmedia":[{"embeddable":true,"href":"https:\/\/nvnoticias.mx\/index.php\/wp-json\/wp\/v2\/media\/37844"}],"wp:attachment":[{"href":"https:\/\/nvnoticias.mx\/index.php\/wp-json\/wp\/v2\/media?parent=40941"}],"wp:term":[{"taxonomy":"category","embeddable":true,"href":"https:\/\/nvnoticias.mx\/index.php\/wp-json\/wp\/v2\/categories?post=40941"},{"taxonomy":"post_tag","embeddable":true,"href":"https:\/\/nvnoticias.mx\/index.php\/wp-json\/wp\/v2\/tags?post=40941"}],"curies":[{"name":"wp","href":"https:\/\/api.w.org\/{rel}","templated":true}]}}