{"id":40937,"date":"2022-02-15T12:45:31","date_gmt":"2022-02-15T18:45:31","guid":{"rendered":"https:\/\/nvnoticias.mx\/?p=40937"},"modified":"2022-02-15T12:45:31","modified_gmt":"2022-02-15T18:45:31","slug":"hospitalizan-a-la-gobernadora-maru-campos-tras-sufrir-caida","status":"publish","type":"post","link":"https:\/\/nvnoticias.mx\/index.php\/2022\/02\/15\/hospitalizan-a-la-gobernadora-maru-campos-tras-sufrir-caida\/","title":{"rendered":"Hospitalizan a la gobernadora Maru Campos tras sufrir ca\u00edda"},"content":{"rendered":"\n<p>Chihuahua.- La gobernadora de Chihuahua,\u00a0Mar\u00eda Eugenia Campos Galv\u00e1n\u00a0fue\u00a0hospitalizada de emergencia\u00a0esta ma\u00f1ana luego de sufrir una ca\u00edda que le provocara una lesi\u00f3n en la mano derecha.\u00a0<\/p>\n\n\n\n<p>La mandataria se dirig\u00eda a la reuni\u00f3n con el embajador de Estados Unidos, Ken Salazar cuando tuvo que ser hospitalizada en un nosocomio de Ciudad Ju\u00e1rez.&nbsp;<\/p>\n\n\n\n<p>Al respecto el Gobierno del Estado de Chihuahua inform\u00f3 que Campos Galv\u00e1n, sufri\u00f3 una ca\u00edda la ma\u00f1ana de hoy al arribar a Ciudad Ju\u00e1rez, en dicha ca\u00edda sufri\u00f3 un\u00a0esguince de la articulaci\u00f3n carpometacarpiana\u00a0\u00a0en elprimer dedo mano derecha (dedo pulgar); este tipo de lesiones provoca inflamaciones y fuertes dolores, por ello fue trasladada de urgencia al Hospital Star M\u00e9dica en la fronteriza ciudad.<\/p>\n\n\n\n<h4 class=\"wp-block-heading\">Mar\u00fa Campos, fuera de peligro<\/h4>\n\n\n\n<p>La gobernadora se encuentra fuera de peligro, m\u00e9dicos del Hospital antes mencionado, la atendieron y descartaron alguna complicaci\u00f3n, la gobernadora permanece en observaci\u00f3n y valoraci\u00f3n m\u00e9dica, posteriormente cuando disminuya el dolor reanudar\u00e1 su agenda como se ten\u00eda planeada.<\/p>\n\n\n\n<p>El nosocomio donde est\u00e1 la mandataria esta resguardado con seguridad del Estado.<\/p>\n\n\n\n<p>Fuente: El Universal <\/p>\n","protected":false},"excerpt":{"rendered":"<p>Chihuahua.- La gobernadora de Chihuahua,\u00a0Mar\u00eda Eugenia Campos Galv\u00e1n\u00a0fue\u00a0hospitalizada de emergencia\u00a0esta ma\u00f1ana luego de sufrir una ca\u00edda que le provocara una lesi\u00f3n en la mano derecha.\u00a0 La mandataria se dirig\u00eda a la reuni\u00f3n con el embajador de Estados Unidos, Ken Salazar cuando tuvo que ser hospitalizada en un nosocomio de Ciudad Ju\u00e1rez.&nbsp; Al respecto el Gobierno [&hellip;]<\/p>\n","protected":false},"author":8,"featured_media":9740,"comment_status":"open","ping_status":"open","sticky":false,"template":"","format":"standard","meta":{"_monsterinsights_skip_tracking":false,"_monsterinsights_sitenote_active":false,"_monsterinsights_sitenote_note":"","_monsterinsights_sitenote_category":0,"footnotes":""},"categories":[158],"tags":[1436,4853,2758],"class_list":["post-40937","post","type-post","status-publish","format-standard","has-post-thumbnail","hentry","category-politica","tag-chihuahua","tag-gobernadora","tag-maru-campos","wp-image-borders"],"amp_enabled":true,"_links":{"self":[{"href":"https:\/\/nvnoticias.mx\/index.php\/wp-json\/wp\/v2\/posts\/40937","targetHints":{"allow":["GET"]}}],"collection":[{"href":"https:\/\/nvnoticias.mx\/index.php\/wp-json\/wp\/v2\/posts"}],"about":[{"href":"https:\/\/nvnoticias.mx\/index.php\/wp-json\/wp\/v2\/types\/post"}],"author":[{"embeddable":true,"href":"https:\/\/nvnoticias.mx\/index.php\/wp-json\/wp\/v2\/users\/8"}],"replies":[{"embeddable":true,"href":"https:\/\/nvnoticias.mx\/index.php\/wp-json\/wp\/v2\/comments?post=40937"}],"version-history":[{"count":1,"href":"https:\/\/nvnoticias.mx\/index.php\/wp-json\/wp\/v2\/posts\/40937\/revisions"}],"predecessor-version":[{"id":40938,"href":"https:\/\/nvnoticias.mx\/index.php\/wp-json\/wp\/v2\/posts\/40937\/revisions\/40938"}],"wp:featuredmedia":[{"embeddable":true,"href":"https:\/\/nvnoticias.mx\/index.php\/wp-json\/wp\/v2\/media\/9740"}],"wp:attachment":[{"href":"https:\/\/nvnoticias.mx\/index.php\/wp-json\/wp\/v2\/media?parent=40937"}],"wp:term":[{"taxonomy":"category","embeddable":true,"href":"https:\/\/nvnoticias.mx\/index.php\/wp-json\/wp\/v2\/categories?post=40937"},{"taxonomy":"post_tag","embeddable":true,"href":"https:\/\/nvnoticias.mx\/index.php\/wp-json\/wp\/v2\/tags?post=40937"}],"curies":[{"name":"wp","href":"https:\/\/api.w.org\/{rel}","templated":true}]}}