{"id":40934,"date":"2022-02-15T12:30:49","date_gmt":"2022-02-15T18:30:49","guid":{"rendered":"https:\/\/nvnoticias.mx\/?p=40934"},"modified":"2022-02-15T12:30:50","modified_gmt":"2022-02-15T18:30:50","slug":"sedena-pone-en-marcha-el-programa-recuperando-mi-escuela","status":"publish","type":"post","link":"https:\/\/nvnoticias.mx\/index.php\/2022\/02\/15\/sedena-pone-en-marcha-el-programa-recuperando-mi-escuela\/","title":{"rendered":"Sedena pone en marcha el programa \u2018Recuperando Mi Escuela\u2019"},"content":{"rendered":"\n<p><strong>Jes\u00fas Utrillla \/ NV Noticias<\/strong><\/p>\n\n\n\n<p>Como parte del programa &#8220;Recuperando Mi Escuela&#8221;, personal de la Secretar\u00eda de la Defensa Nacional realiz\u00f3 acciones de limpieza en la Escuela Secundaria T\u00e9cnica &#8220;Pesquera No. 114&#8221;, ubicada en la localidad de San Jos\u00e9 Novillero, perteneciente al municipio de Boca del R\u00edo.<\/p>\n\n\n\n<p>Joseline Cansino, directora de la Secundaria T\u00e9cnica Pesquera 114, de San Jos\u00e9 Novillero, plantel donde comenzaron las acciones, admiti\u00f3 que la maleza creci\u00f3 y favorece la proliferaci\u00f3n de moscos, pero adem\u00e1s constituye un obst\u00e1culo para el libre acceso o tr\u00e1nsito de alumnos y personal acad\u00e9mico y administrativo.<\/p>\n\n\n\n<blockquote class=\"wp-block-quote is-layout-flow wp-block-quote-is-layout-flow\"><p>\u201c<em>Por lo tanto como instituci\u00f3n nos resulta muy costoso tener en buenas condiciones el mantenimiento constante y ante el regreso a clases presenciales, hemos procurado que toda la parte de enfrente de la escuela pues este en buenas condiciones, sin embargo en estas \u00e1reas nos resulta muy dif\u00edcil poder meter a nuestros alumnos al mismo personal docente y pues agradecemos a nuestras autoridades y al ejercito por implementar este tipo de programas que como instituci\u00f3n nos benefici<\/em>a\u201d.<\/p><\/blockquote>\n\n\n\n<p>La Secundaria T\u00e9cnica Pesquera 114 trabaja bajo un sistema mixto.<\/p>\n\n\n\n<p>El 40 por ciento de los alumnos volvi\u00f3 a clases presenciales y no hay reporte de estudiantes contagiados, aunque hubo dos maestros que contrajeron Covid al inicio.<\/p>\n\n\n\n<p>El plantel cuenta con una matr\u00edcula de 121 alumnos y la directora admiti\u00f3 que las instalaciones se deterioraron por varios meses de ausencia, por ello consider\u00f3 un acierto que el Ej\u00e9rcito contribuya con labor social.<\/p>\n\n\n\n<p>Debido a que la extensi\u00f3n es muy amplia, la Secundaria Pesquera N\u00famero 114 de San Jos\u00e9 Novillero, se comprometi\u00f3 a dar mantenimiento constante a la zona.<\/p>\n\n\n\n<p>Los trabajos se realizaron sin costo alguno, mientras que la escuela retorn\u00f3 a clases presenciales desde el pasado 30 de agosto del a\u00f1o pasado, teniendo el consentimiento de los padres de familia.<\/p>\n","protected":false},"excerpt":{"rendered":"<p>Jes\u00fas Utrillla \/ NV Noticias Como parte del programa &#8220;Recuperando Mi Escuela&#8221;, personal de la Secretar\u00eda de la Defensa Nacional realiz\u00f3 acciones de limpieza en la Escuela Secundaria T\u00e9cnica &#8220;Pesquera No. 114&#8221;, ubicada en la localidad de San Jos\u00e9 Novillero, perteneciente al municipio de Boca del R\u00edo. Joseline Cansino, directora de la Secundaria T\u00e9cnica Pesquera [&hellip;]<\/p>\n","protected":false},"author":8,"featured_media":40935,"comment_status":"open","ping_status":"open","sticky":false,"template":"","format":"standard","meta":{"_monsterinsights_skip_tracking":false,"_monsterinsights_sitenote_active":false,"_monsterinsights_sitenote_note":"","_monsterinsights_sitenote_category":0,"footnotes":""},"categories":[154],"tags":[8532,617],"class_list":["post-40934","post","type-post","status-publish","format-standard","has-post-thumbnail","hentry","category-veracruz","tag-limpieza","tag-sedena","wp-image-borders"],"amp_enabled":true,"_links":{"self":[{"href":"https:\/\/nvnoticias.mx\/index.php\/wp-json\/wp\/v2\/posts\/40934","targetHints":{"allow":["GET"]}}],"collection":[{"href":"https:\/\/nvnoticias.mx\/index.php\/wp-json\/wp\/v2\/posts"}],"about":[{"href":"https:\/\/nvnoticias.mx\/index.php\/wp-json\/wp\/v2\/types\/post"}],"author":[{"embeddable":true,"href":"https:\/\/nvnoticias.mx\/index.php\/wp-json\/wp\/v2\/users\/8"}],"replies":[{"embeddable":true,"href":"https:\/\/nvnoticias.mx\/index.php\/wp-json\/wp\/v2\/comments?post=40934"}],"version-history":[{"count":1,"href":"https:\/\/nvnoticias.mx\/index.php\/wp-json\/wp\/v2\/posts\/40934\/revisions"}],"predecessor-version":[{"id":40936,"href":"https:\/\/nvnoticias.mx\/index.php\/wp-json\/wp\/v2\/posts\/40934\/revisions\/40936"}],"wp:featuredmedia":[{"embeddable":true,"href":"https:\/\/nvnoticias.mx\/index.php\/wp-json\/wp\/v2\/media\/40935"}],"wp:attachment":[{"href":"https:\/\/nvnoticias.mx\/index.php\/wp-json\/wp\/v2\/media?parent=40934"}],"wp:term":[{"taxonomy":"category","embeddable":true,"href":"https:\/\/nvnoticias.mx\/index.php\/wp-json\/wp\/v2\/categories?post=40934"},{"taxonomy":"post_tag","embeddable":true,"href":"https:\/\/nvnoticias.mx\/index.php\/wp-json\/wp\/v2\/tags?post=40934"}],"curies":[{"name":"wp","href":"https:\/\/api.w.org\/{rel}","templated":true}]}}