{"id":40869,"date":"2022-02-15T09:49:47","date_gmt":"2022-02-15T15:49:47","guid":{"rendered":"https:\/\/nvnoticias.mx\/?p=40869"},"modified":"2022-02-15T09:49:49","modified_gmt":"2022-02-15T15:49:49","slug":"registra-xalapa-su-temperatura-mas-baja-de-la-temporada","status":"publish","type":"post","link":"https:\/\/nvnoticias.mx\/index.php\/2022\/02\/15\/registra-xalapa-su-temperatura-mas-baja-de-la-temporada\/","title":{"rendered":"Registra Xalapa su temperatura m\u00e1s baja de la temporada"},"content":{"rendered":"\n<p>Sam Ojeda\u00a0| NV Noticias <br>Xalapa.- La jefa de Hidrometeorolog\u00eda de la cuenca Golfo-Centro de la Comisi\u00f3n Nacional del Agua (Conagua), Jessica Luna Lagunes, inform\u00f3 que este martes se registr\u00f3 en Xalapa su temperatura m\u00e1s baja de la temporada invernal.\u00a0<\/p>\n\n\n\n<p>Indic\u00f3 que la capital del estado amaneci\u00f3 con una temperatura de 6.2 grados Celsius y la temperatura m\u00ednima a la intemperie fue de 5 grados. A\u00fan as\u00ed no se trat\u00f3 de la m\u00e1s baja, ya que el pasado 16 de noviembre de 2021 se report\u00f3 una temperatura a la intemperie de 4.4 grados Celsius.<\/p>\n\n\n\n<p>La funcionaria dijo que se espera que a partir de este martes se registre un incremento gradual en la temperatura hasta el pr\u00f3ximo jueves, cuando se logren mayores valores en el estado.<\/p>\n\n\n\n<p>Aunque aclar\u00f3 que se prev\u00e9 que un frente fr\u00edo recorra la entidad veracruzana el pr\u00f3ximo viernes, aunque hasta el momento se observa que no ser\u00eda tan intenso como los pasados.\u00a0<\/p>\n","protected":false},"excerpt":{"rendered":"<p>Sam Ojeda\u00a0| NV Noticias Xalapa.- La jefa de Hidrometeorolog\u00eda de la cuenca Golfo-Centro de la Comisi\u00f3n Nacional del Agua (Conagua), Jessica Luna Lagunes, inform\u00f3 que este martes se registr\u00f3 en Xalapa su temperatura m\u00e1s baja de la temporada invernal.\u00a0 Indic\u00f3 que la capital del estado amaneci\u00f3 con una temperatura de 6.2 grados Celsius y la [&hellip;]<\/p>\n","protected":false},"author":35,"featured_media":38265,"comment_status":"open","ping_status":"open","sticky":false,"template":"","format":"standard","meta":{"_monsterinsights_skip_tracking":false,"_monsterinsights_sitenote_active":false,"_monsterinsights_sitenote_note":"","_monsterinsights_sitenote_category":0,"footnotes":""},"categories":[156],"tags":[10286,10285,9869,10284,162,8523,4029],"class_list":["post-40869","post","type-post","status-publish","format-standard","has-post-thumbnail","hentry","category-estado","tag-bajas","tag-golgo-centro","tag-grados","tag-hidrometeorologia","tag-portada","tag-registra","tag-temperaturas","wp-image-borders"],"amp_enabled":true,"_links":{"self":[{"href":"https:\/\/nvnoticias.mx\/index.php\/wp-json\/wp\/v2\/posts\/40869","targetHints":{"allow":["GET"]}}],"collection":[{"href":"https:\/\/nvnoticias.mx\/index.php\/wp-json\/wp\/v2\/posts"}],"about":[{"href":"https:\/\/nvnoticias.mx\/index.php\/wp-json\/wp\/v2\/types\/post"}],"author":[{"embeddable":true,"href":"https:\/\/nvnoticias.mx\/index.php\/wp-json\/wp\/v2\/users\/35"}],"replies":[{"embeddable":true,"href":"https:\/\/nvnoticias.mx\/index.php\/wp-json\/wp\/v2\/comments?post=40869"}],"version-history":[{"count":1,"href":"https:\/\/nvnoticias.mx\/index.php\/wp-json\/wp\/v2\/posts\/40869\/revisions"}],"predecessor-version":[{"id":40872,"href":"https:\/\/nvnoticias.mx\/index.php\/wp-json\/wp\/v2\/posts\/40869\/revisions\/40872"}],"wp:featuredmedia":[{"embeddable":true,"href":"https:\/\/nvnoticias.mx\/index.php\/wp-json\/wp\/v2\/media\/38265"}],"wp:attachment":[{"href":"https:\/\/nvnoticias.mx\/index.php\/wp-json\/wp\/v2\/media?parent=40869"}],"wp:term":[{"taxonomy":"category","embeddable":true,"href":"https:\/\/nvnoticias.mx\/index.php\/wp-json\/wp\/v2\/categories?post=40869"},{"taxonomy":"post_tag","embeddable":true,"href":"https:\/\/nvnoticias.mx\/index.php\/wp-json\/wp\/v2\/tags?post=40869"}],"curies":[{"name":"wp","href":"https:\/\/api.w.org\/{rel}","templated":true}]}}