{"id":40640,"date":"2022-02-12T16:31:08","date_gmt":"2022-02-12T22:31:08","guid":{"rendered":"https:\/\/nvnoticias.mx\/?p=40640"},"modified":"2022-02-12T16:31:09","modified_gmt":"2022-02-12T22:31:09","slug":"investigan-a-alcaldesa-de-cuauhtemoc-por-privacion-de-la-libertad","status":"publish","type":"post","link":"https:\/\/nvnoticias.mx\/index.php\/2022\/02\/12\/investigan-a-alcaldesa-de-cuauhtemoc-por-privacion-de-la-libertad\/","title":{"rendered":"Investigan a alcaldesa de Cuauht\u00e9moc por privaci\u00f3n de la libertad"},"content":{"rendered":"\n<p>La Fiscal\u00eda General de Justicia (FGJ) inform\u00f3 que se inici\u00f3 una\u00a0carpeta de investigaci\u00f3n\u00a0en contra de la alcaldesa de Cuauht\u00e9moc,\u00a0Sandra Cuevas, por el delito de\u00a0privaci\u00f3n de la libertad, abuso de autoridad, robo y lo que resulte. La denuncia fue interpuesta por\u00a0dos mandos de la Polic\u00eda Auxiliar.<\/p>\n\n\n\n<p>Ulises Lara L\u00f3pez, vocero de la FGJ se\u00f1al\u00f3 que la indagatoria se inici\u00f3 luego de que tras las acciones derivadas para reordenar el\u00a0comercio informal\u00a0en el\u00a0Centro Hist\u00f3rico, se gener\u00f3 un diferendo de competencia por el tema de la venta en v\u00eda p\u00fablica en el per\u00edmetro de Correo Mayor y Circunvalaci\u00f3n.<\/p>\n\n\n\n<p>Lara L\u00f3pez refiri\u00f3 que los mandos policiales acudieron a una reuni\u00f3n con Sandra Cuevas en el mismo lugar, supuestamente para coordinar los trabajos.&nbsp;<\/p>\n\n\n\n<p>Las\u00a0indagatorias\u00a0refieren que en la oficina de la alcaldesa se encontraban\u00a0la titular, la directora de mercados en v\u00eda p\u00fablica y el director de seguridad.<\/p>\n\n\n\n<p>Los afectados fueron\u00a0agredidos f\u00edsica y verbalmente\u00a0en repetidas ocasiones por la alcaldesa y varios hombres, seg\u00fan el relato de la fiscal\u00eda.<\/p>\n\n\n\n<p>Se\u00f1alaron que fueron despojados de sus radios y privados de la libertad\u00a0por instrucciones de Sandra Cuevas\u00a0por m\u00e1s de una hora en un sal\u00f3n contiguo y videograbados.<\/p>\n\n\n\n<p>El jefe de oficina de la edil les pidi\u00f3\u00a0no denunciar\u00a0para no repercutir en su persona.<\/p>\n\n\n\n<p>Fuente: El Universal <\/p>\n","protected":false},"excerpt":{"rendered":"<p>La Fiscal\u00eda General de Justicia (FGJ) inform\u00f3 que se inici\u00f3 una\u00a0carpeta de investigaci\u00f3n\u00a0en contra de la alcaldesa de Cuauht\u00e9moc,\u00a0Sandra Cuevas, por el delito de\u00a0privaci\u00f3n de la libertad, abuso de autoridad, robo y lo que resulte. La denuncia fue interpuesta por\u00a0dos mandos de la Polic\u00eda Auxiliar. Ulises Lara L\u00f3pez, vocero de la FGJ se\u00f1al\u00f3 que la [&hellip;]<\/p>\n","protected":false},"author":8,"featured_media":40641,"comment_status":"open","ping_status":"open","sticky":false,"template":"","format":"standard","meta":{"_monsterinsights_skip_tracking":false,"_monsterinsights_sitenote_active":false,"_monsterinsights_sitenote_note":"","_monsterinsights_sitenote_category":0,"footnotes":""},"categories":[157],"tags":[8872,4648,3444,10219],"class_list":["post-40640","post","type-post","status-publish","format-standard","has-post-thumbnail","hentry","category-nacional","tag-alcaldesa","tag-cuauhtemoc","tag-fgj","tag-sandra-cuevas","wp-image-borders"],"amp_enabled":true,"_links":{"self":[{"href":"https:\/\/nvnoticias.mx\/index.php\/wp-json\/wp\/v2\/posts\/40640","targetHints":{"allow":["GET"]}}],"collection":[{"href":"https:\/\/nvnoticias.mx\/index.php\/wp-json\/wp\/v2\/posts"}],"about":[{"href":"https:\/\/nvnoticias.mx\/index.php\/wp-json\/wp\/v2\/types\/post"}],"author":[{"embeddable":true,"href":"https:\/\/nvnoticias.mx\/index.php\/wp-json\/wp\/v2\/users\/8"}],"replies":[{"embeddable":true,"href":"https:\/\/nvnoticias.mx\/index.php\/wp-json\/wp\/v2\/comments?post=40640"}],"version-history":[{"count":1,"href":"https:\/\/nvnoticias.mx\/index.php\/wp-json\/wp\/v2\/posts\/40640\/revisions"}],"predecessor-version":[{"id":40642,"href":"https:\/\/nvnoticias.mx\/index.php\/wp-json\/wp\/v2\/posts\/40640\/revisions\/40642"}],"wp:featuredmedia":[{"embeddable":true,"href":"https:\/\/nvnoticias.mx\/index.php\/wp-json\/wp\/v2\/media\/40641"}],"wp:attachment":[{"href":"https:\/\/nvnoticias.mx\/index.php\/wp-json\/wp\/v2\/media?parent=40640"}],"wp:term":[{"taxonomy":"category","embeddable":true,"href":"https:\/\/nvnoticias.mx\/index.php\/wp-json\/wp\/v2\/categories?post=40640"},{"taxonomy":"post_tag","embeddable":true,"href":"https:\/\/nvnoticias.mx\/index.php\/wp-json\/wp\/v2\/tags?post=40640"}],"curies":[{"name":"wp","href":"https:\/\/api.w.org\/{rel}","templated":true}]}}