{"id":40620,"date":"2022-02-12T14:44:02","date_gmt":"2022-02-12T20:44:02","guid":{"rendered":"https:\/\/nvnoticias.mx\/?p=40620"},"modified":"2022-02-12T14:44:03","modified_gmt":"2022-02-12T20:44:03","slug":"ambiente-contra-periodistas-no-es-propicio-para-nadie-monreal","status":"publish","type":"post","link":"https:\/\/nvnoticias.mx\/index.php\/2022\/02\/12\/ambiente-contra-periodistas-no-es-propicio-para-nadie-monreal\/","title":{"rendered":"Ambiente contra periodistas no es propicio para nadie: Monreal"},"content":{"rendered":"\n<p>El\u00a0ambiente\u00a0que se ha suscitado en contra de los\u00a0periodistas\u00a0\u201cno es propicio para nadie\u201d,\u00a0por lo que su protecci\u00f3n debe ser una\u00a0prioridad\u00a0para el\u00a0Estado mexicano,\u00a0consider\u00f3 el coordinador parlamentario de Morena,\u00a0Ricardo Monreal \u00c1vila.<br>\u00a0<br>En una entrevista, al t\u00e9rmino de la presentaci\u00f3n de su libro \u201cLas grandes reformas para el cambio de r\u00e9gimen\u201d, en Tijuana, Baja California, dijo que es necesario garantizar la libertad.<br>\u00a0<br>&#8211;\u00bfCu\u00e1l es su opini\u00f3n, le preocupa esta situaci\u00f3n?, le preguntaron al senador.<br>\u00a0<br>&#8211;\u201cTenemos que tomar calma, todos. El ambiente que est\u00e1 suscit\u00e1ndose no es propicio para nadie\u201d, respondi\u00f3.<\/p>\n\n\n\n<p>Ricardo Monreal expres\u00f3 su respeto por las expresiones del Presidente de la Rep\u00fablica: \u201clo conozco bien, es un hombre que act\u00faa en raz\u00f3n de su consciencia, nunca nos miente, nunca nos ha enga\u00f1ado\u201d.<\/p>\n\n\n\n<blockquote class=\"wp-block-quote is-layout-flow wp-block-quote-is-layout-flow\"><p>\u201c<em>Espero que todo recobre tranquilidad, es lo mejor para el pa\u00eds, que haya un ambiente propicio de tolerancia, de respeto rec\u00edproco, para no profundizar diferencias\u201d<\/em>.<\/p><\/blockquote>\n\n\n\n<p>Previamente, durante la presentaci\u00f3n de su libro, Ricardo Monreal afirm\u00f3 que M\u00e9xico continuar\u00e1 con el proceso de transformaci\u00f3n de sus instituciones, y superar\u00e1 los problemas que enfrenta, entre ellos el de la inseguridad p\u00fablica.<\/p>\n\n\n\n<p>Fuente: El Universal <\/p>\n","protected":false},"excerpt":{"rendered":"<p>El\u00a0ambiente\u00a0que se ha suscitado en contra de los\u00a0periodistas\u00a0\u201cno es propicio para nadie\u201d,\u00a0por lo que su protecci\u00f3n debe ser una\u00a0prioridad\u00a0para el\u00a0Estado mexicano,\u00a0consider\u00f3 el coordinador parlamentario de Morena,\u00a0Ricardo Monreal \u00c1vila.\u00a0En una entrevista, al t\u00e9rmino de la presentaci\u00f3n de su libro \u201cLas grandes reformas para el cambio de r\u00e9gimen\u201d, en Tijuana, Baja California, dijo que es necesario garantizar [&hellip;]<\/p>\n","protected":false},"author":8,"featured_media":3990,"comment_status":"open","ping_status":"open","sticky":false,"template":"","format":"standard","meta":{"_monsterinsights_skip_tracking":false,"_monsterinsights_sitenote_active":false,"_monsterinsights_sitenote_note":"","_monsterinsights_sitenote_category":0,"footnotes":""},"categories":[157],"tags":[8874,457],"class_list":["post-40620","post","type-post","status-publish","format-standard","has-post-thumbnail","hentry","category-nacional","tag-monreal","tag-periodistas","wp-image-borders"],"amp_enabled":true,"_links":{"self":[{"href":"https:\/\/nvnoticias.mx\/index.php\/wp-json\/wp\/v2\/posts\/40620","targetHints":{"allow":["GET"]}}],"collection":[{"href":"https:\/\/nvnoticias.mx\/index.php\/wp-json\/wp\/v2\/posts"}],"about":[{"href":"https:\/\/nvnoticias.mx\/index.php\/wp-json\/wp\/v2\/types\/post"}],"author":[{"embeddable":true,"href":"https:\/\/nvnoticias.mx\/index.php\/wp-json\/wp\/v2\/users\/8"}],"replies":[{"embeddable":true,"href":"https:\/\/nvnoticias.mx\/index.php\/wp-json\/wp\/v2\/comments?post=40620"}],"version-history":[{"count":1,"href":"https:\/\/nvnoticias.mx\/index.php\/wp-json\/wp\/v2\/posts\/40620\/revisions"}],"predecessor-version":[{"id":40621,"href":"https:\/\/nvnoticias.mx\/index.php\/wp-json\/wp\/v2\/posts\/40620\/revisions\/40621"}],"wp:featuredmedia":[{"embeddable":true,"href":"https:\/\/nvnoticias.mx\/index.php\/wp-json\/wp\/v2\/media\/3990"}],"wp:attachment":[{"href":"https:\/\/nvnoticias.mx\/index.php\/wp-json\/wp\/v2\/media?parent=40620"}],"wp:term":[{"taxonomy":"category","embeddable":true,"href":"https:\/\/nvnoticias.mx\/index.php\/wp-json\/wp\/v2\/categories?post=40620"},{"taxonomy":"post_tag","embeddable":true,"href":"https:\/\/nvnoticias.mx\/index.php\/wp-json\/wp\/v2\/tags?post=40620"}],"curies":[{"name":"wp","href":"https:\/\/api.w.org\/{rel}","templated":true}]}}