{"id":40601,"date":"2022-02-12T13:14:29","date_gmt":"2022-02-12T19:14:29","guid":{"rendered":"https:\/\/nvnoticias.mx\/?p=40601"},"modified":"2022-02-12T13:14:29","modified_gmt":"2022-02-12T19:14:29","slug":"mas-personas-venden-artesanias-o-por-catalogo-ante-el-desempleo-del-covid","status":"publish","type":"post","link":"https:\/\/nvnoticias.mx\/index.php\/2022\/02\/12\/mas-personas-venden-artesanias-o-por-catalogo-ante-el-desempleo-del-covid\/","title":{"rendered":"M\u00e1s personas venden artesan\u00edas o por cat\u00e1logo ante el desempleo del Covid"},"content":{"rendered":"\n<p><strong>Jes\u00fas Utrilla \/ NV Noticias<\/strong><\/p>\n\n\n\n<p>Profesionistas y personas en general optaron por la elaboraci\u00f3n y venta de artesan\u00edas y alimentos, luego de quedarse sin empleo a causa de la pandemia del Covid.<\/p>\n\n\n\n<p>Luisa Ben\u00edtez Garc\u00eda, directora de la Asociaci\u00f3n Mexicana de Mujeres Empresarias (AMMJE), se\u00f1al\u00f3 que tambi\u00e9n optaron por dicha opci\u00f3n quienes desean completar sus ingresos ante la alta inflaci\u00f3n y adversa situaci\u00f3n econ\u00f3mica.<\/p>\n\n\n\n<blockquote class=\"wp-block-quote is-layout-flow wp-block-quote-is-layout-flow\"><p>\u201c<em>Este es nuestro octavo bazar, en el primero \u00e9ramos como 15, posteriormente se agrav\u00f3 la situaci\u00f3n porque perdieron sus empleos y se han idos sumando y tenemos ahorita cerca de 120 emprendedoras<\/em>\u201d.<\/p><\/blockquote>\n\n\n\n<p>Insisti\u00f3 en que triplic\u00f3 el ingreso a la agrupaci\u00f3n de emprendedoras, de mayo de 2021 a la fecha.<\/p>\n\n\n\n<p>No se trata solamente de artesanas sino que hay m\u00e1s personas que venden por cat\u00e1logo para obtener ingresos.<\/p>\n\n\n\n<blockquote class=\"wp-block-quote is-layout-flow wp-block-quote-is-layout-flow\"><p>\u201c<em>Tenemos de todo, productoras, artesanas, quienes venden por cat\u00e1logo, tenemos de todo, porque si limitamos dejar\u00edamos fuera a muchas personas y la idea es que todos nos apoyemos para reactivar la econom\u00eda del Puerto de Veracruz<\/em>\u201d.\u00a0\u00a0<\/p><\/blockquote>\n\n\n\n<p>Para sumarse a la organizaci\u00f3n no solicitan requisitos.<\/p>\n\n\n\n<p>Lo que se busca es contar con frente com\u00fan que permita generar ventas y reactivar la econom\u00eda.&nbsp;<\/p>\n\n\n\n<p>La Asociaci\u00f3n Mexicana de Mujeres Empresarias (AMMJE)tambi\u00e9n ofrece cursos de capacitaci\u00f3n para que sepan como emprender.&nbsp;<\/p>\n","protected":false},"excerpt":{"rendered":"<p>Jes\u00fas Utrilla \/ NV Noticias Profesionistas y personas en general optaron por la elaboraci\u00f3n y venta de artesan\u00edas y alimentos, luego de quedarse sin empleo a causa de la pandemia del Covid. Luisa Ben\u00edtez Garc\u00eda, directora de la Asociaci\u00f3n Mexicana de Mujeres Empresarias (AMMJE), se\u00f1al\u00f3 que tambi\u00e9n optaron por dicha opci\u00f3n quienes desean completar sus [&hellip;]<\/p>\n","protected":false},"author":8,"featured_media":40602,"comment_status":"open","ping_status":"open","sticky":false,"template":"","format":"standard","meta":{"_monsterinsights_skip_tracking":false,"_monsterinsights_sitenote_active":false,"_monsterinsights_sitenote_note":"","_monsterinsights_sitenote_category":0,"footnotes":""},"categories":[154],"tags":[2737,175,1015],"class_list":["post-40601","post","type-post","status-publish","format-standard","has-post-thumbnail","hentry","category-veracruz","tag-artesanias-2","tag-covid-19","tag-desempleo","wp-image-borders"],"amp_enabled":true,"_links":{"self":[{"href":"https:\/\/nvnoticias.mx\/index.php\/wp-json\/wp\/v2\/posts\/40601","targetHints":{"allow":["GET"]}}],"collection":[{"href":"https:\/\/nvnoticias.mx\/index.php\/wp-json\/wp\/v2\/posts"}],"about":[{"href":"https:\/\/nvnoticias.mx\/index.php\/wp-json\/wp\/v2\/types\/post"}],"author":[{"embeddable":true,"href":"https:\/\/nvnoticias.mx\/index.php\/wp-json\/wp\/v2\/users\/8"}],"replies":[{"embeddable":true,"href":"https:\/\/nvnoticias.mx\/index.php\/wp-json\/wp\/v2\/comments?post=40601"}],"version-history":[{"count":1,"href":"https:\/\/nvnoticias.mx\/index.php\/wp-json\/wp\/v2\/posts\/40601\/revisions"}],"predecessor-version":[{"id":40603,"href":"https:\/\/nvnoticias.mx\/index.php\/wp-json\/wp\/v2\/posts\/40601\/revisions\/40603"}],"wp:featuredmedia":[{"embeddable":true,"href":"https:\/\/nvnoticias.mx\/index.php\/wp-json\/wp\/v2\/media\/40602"}],"wp:attachment":[{"href":"https:\/\/nvnoticias.mx\/index.php\/wp-json\/wp\/v2\/media?parent=40601"}],"wp:term":[{"taxonomy":"category","embeddable":true,"href":"https:\/\/nvnoticias.mx\/index.php\/wp-json\/wp\/v2\/categories?post=40601"},{"taxonomy":"post_tag","embeddable":true,"href":"https:\/\/nvnoticias.mx\/index.php\/wp-json\/wp\/v2\/tags?post=40601"}],"curies":[{"name":"wp","href":"https:\/\/api.w.org\/{rel}","templated":true}]}}