{"id":40567,"date":"2022-02-12T09:09:53","date_gmt":"2022-02-12T15:09:53","guid":{"rendered":"https:\/\/nvnoticias.mx\/?p=40567"},"modified":"2022-02-12T09:09:54","modified_gmt":"2022-02-12T15:09:54","slug":"onu-dh-y-sip-condenan-asesinato-del-periodista-heber-lopez","status":"publish","type":"post","link":"https:\/\/nvnoticias.mx\/index.php\/2022\/02\/12\/onu-dh-y-sip-condenan-asesinato-del-periodista-heber-lopez\/","title":{"rendered":"ONU-DH y SIP condenan asesinato del periodista Heber L\u00f3pez"},"content":{"rendered":"\n<p>La Oficina en M\u00e9xico del Alto Comisionado de las Naciones Unidas para los Derechos Humanos (ONU-DH) y la Sociedad Interamericana de Prensa (SIP) condenaron este viernes en un comunicado el asesinato del periodista Heber L\u00f3pez en el estado de Oaxaca.<\/p>\n\n\n\n<blockquote class=\"wp-block-quote is-layout-flow wp-block-quote-is-layout-flow\"><p>\u201c<em>El asesinato de Heber L\u00f3pez pone de manifiesto la vulnerabilidad en la que se encuentran quienes ejercen la actividad period\u00edstica lejos de los centros urbanos m\u00e1s grandes. Es fundamental que autoridades y sociedad respalden la imprescindible actividad period\u00edstica que permite que todas las personas tengamos acceso a informaci\u00f3n plural<\/em>\u201d, expres\u00f3 Jes\u00fas Pe\u00f1a, representante adjunto de la ONU-DH en M\u00e9xico.<\/p><\/blockquote>\n\n\n\n<p>L\u00f3pez, quien fue asesinado a tiros el jueves en su oficina, era director del portal Noticias Web y su muerte fue confirmada por su hermano Irving L\u00f3pez V\u00e1squez, quien tambi\u00e9n se desempe\u00f1a como comunicador.<\/p>\n\n\n\n<blockquote class=\"wp-block-quote is-layout-flow wp-block-quote-is-layout-flow\"><p>\u201c<em>El periodista Heber L\u00f3pez V\u00e1squez contaba con una reconocida trayectoria en la zona habiendo trabajado en diversos medios y fundado su propio medio digital,\u00a0Noticias Web, el cual prove\u00eda de informaci\u00f3n local, incluyendo temas de pol\u00edtica y corrupci\u00f3n, con una destacable cobertura en la zona<\/em>\u201d, expres\u00f3 la ONU-DH.<\/p><\/blockquote>\n\n\n\n<p>Irving dijo que su hermano \u201cse encontraba con su hijo cuando fue asesinado\u201d al tiempo que exigi\u00f3 justicia por su crimen.<\/p>\n\n\n\n<p>De acuerdo con la organizaci\u00f3n Art\u00edculo 19, el comunicador hab\u00eda denunciado agresiones en su contra a esta organizaci\u00f3n en el a\u00f1o 2019.<\/p>\n\n\n\n<blockquote class=\"wp-block-quote is-layout-flow wp-block-quote-is-layout-flow\"><p><em>\u201cEl asesinato del se\u00f1or Heber L\u00f3pez, como otros asesinatos de periodistas, no s\u00f3lo acalla una voz, sino que atemoriza a todas las personas que ejercen el periodismo en la regi\u00f3n del Istmo de Tehuantepec. Es necesario reaccionar frente a este terrible acto y garantizar condiciones para que las y los periodistas no se pregunten antes de publicar una nota si esas palabras pueden ser el detonante de una amenaza o una agresi\u00f3n<\/em>\u201d, a\u00f1adi\u00f3 Pe\u00f1a.<\/p><\/blockquote>\n\n\n\n<p>Adem\u00e1s, el organismo consider\u00f3 que, aunque la detenci\u00f3n de dos personas por su posible relaci\u00f3n con el caso puede ser importante, la investigaci\u00f3n debe ser realizada \u201ccon los m\u00e1s altos est\u00e1ndares de debida diligencia, lo que implica agotar todas las l\u00edneas de investigaci\u00f3n, incluida la vinculaci\u00f3n de este ataque con la actividad period\u00edstica del se\u00f1or L\u00f3pez\u201d.<\/p>\n\n\n\n<p>En este sentido, la ONU-DH llam\u00f3 a las autoridades mexicanas a impulsar acciones preventivas para proteger a los periodistas, adem\u00e1s de a la familia de L\u00f3pez y los posibles testigos del asesinato.<\/p>\n\n\n\n<p>A su vez, la Sociedad Interamericana de Prensa (SIP) exigi\u00f3 de nueva cuenta, \u201ccon mayor \u00e9nfasis\u201d, al presidente Andr\u00e9s Manuel L\u00f3pez Obrador que \u201ctome acciones\u201d para prevenir la violencia contra los periodistas, tras el asesinato del comunicador Heber L\u00f3pez V\u00e1squez, el sexto de su tipo que ocurre en M\u00e9xico.<\/p>\n\n\n\n<p>El presidente de la SIP, Jorge Canahuati, calific\u00f3 el hecho de \u201caberrante\u201d y se\u00f1al\u00f3 que este nuevo crimen les \u201cllena de impotencia\u201d.<\/p>\n\n\n\n<figure class=\"wp-block-image\"><img decoding=\"async\" src=\"https:\/\/cdn.forbes.com.mx\/2022\/02\/periodista-heber-lopez-640x360.jpg\" alt=\"\"\/><\/figure>\n\n\n\n<p>Fuente: Forbes <\/p>\n","protected":false},"excerpt":{"rendered":"<p>La Oficina en M\u00e9xico del Alto Comisionado de las Naciones Unidas para los Derechos Humanos (ONU-DH) y la Sociedad Interamericana de Prensa (SIP) condenaron este viernes en un comunicado el asesinato del periodista Heber L\u00f3pez en el estado de Oaxaca. \u201cEl asesinato de Heber L\u00f3pez pone de manifiesto la vulnerabilidad en la que se encuentran [&hellip;]<\/p>\n","protected":false},"author":8,"featured_media":40568,"comment_status":"open","ping_status":"open","sticky":false,"template":"","format":"standard","meta":{"_monsterinsights_skip_tracking":false,"_monsterinsights_sitenote_active":false,"_monsterinsights_sitenote_note":"","_monsterinsights_sitenote_category":0,"footnotes":""},"categories":[157],"tags":[10210,10208,1106,10209],"class_list":["post-40567","post","type-post","status-publish","format-standard","has-post-thumbnail","hentry","category-nacional","tag-heber-lopez","tag-onu-dh","tag-periodista","tag-sip","wp-image-borders"],"amp_enabled":true,"_links":{"self":[{"href":"https:\/\/nvnoticias.mx\/index.php\/wp-json\/wp\/v2\/posts\/40567","targetHints":{"allow":["GET"]}}],"collection":[{"href":"https:\/\/nvnoticias.mx\/index.php\/wp-json\/wp\/v2\/posts"}],"about":[{"href":"https:\/\/nvnoticias.mx\/index.php\/wp-json\/wp\/v2\/types\/post"}],"author":[{"embeddable":true,"href":"https:\/\/nvnoticias.mx\/index.php\/wp-json\/wp\/v2\/users\/8"}],"replies":[{"embeddable":true,"href":"https:\/\/nvnoticias.mx\/index.php\/wp-json\/wp\/v2\/comments?post=40567"}],"version-history":[{"count":1,"href":"https:\/\/nvnoticias.mx\/index.php\/wp-json\/wp\/v2\/posts\/40567\/revisions"}],"predecessor-version":[{"id":40569,"href":"https:\/\/nvnoticias.mx\/index.php\/wp-json\/wp\/v2\/posts\/40567\/revisions\/40569"}],"wp:featuredmedia":[{"embeddable":true,"href":"https:\/\/nvnoticias.mx\/index.php\/wp-json\/wp\/v2\/media\/40568"}],"wp:attachment":[{"href":"https:\/\/nvnoticias.mx\/index.php\/wp-json\/wp\/v2\/media?parent=40567"}],"wp:term":[{"taxonomy":"category","embeddable":true,"href":"https:\/\/nvnoticias.mx\/index.php\/wp-json\/wp\/v2\/categories?post=40567"},{"taxonomy":"post_tag","embeddable":true,"href":"https:\/\/nvnoticias.mx\/index.php\/wp-json\/wp\/v2\/tags?post=40567"}],"curies":[{"name":"wp","href":"https:\/\/api.w.org\/{rel}","templated":true}]}}