{"id":40538,"date":"2022-02-11T17:33:51","date_gmt":"2022-02-11T23:33:51","guid":{"rendered":"https:\/\/nvnoticias.mx\/?p=40538"},"modified":"2022-02-11T17:33:53","modified_gmt":"2022-02-11T23:33:53","slug":"concursante-de-reality-show-se-desmaya-en-plena-transmision","status":"publish","type":"post","link":"https:\/\/nvnoticias.mx\/index.php\/2022\/02\/11\/concursante-de-reality-show-se-desmaya-en-plena-transmision\/","title":{"rendered":"Concursante de reality show se desmaya en plena transmisi\u00f3n"},"content":{"rendered":"\n<p>Las transmisiones en vivo corren el riesgo de que registren momentos inc\u00f3modos. Prueba de ello, es lo que sucedi\u00f3 en un programa de televisi\u00f3n de Espa\u00f1a en donde una concursante del reality show se desmay\u00f3 de los nervios y a su vez, su madre que la ve\u00eda desde el p\u00fablico tambi\u00e9n colaps\u00f3. <\/p>\n\n\n\n<p>El gran susto se registr\u00f3 en plena transmisi\u00f3n en vivo del programa musical \u2018A tu vera\u2019, el cual se transmite Castilla-La Mancha Media. <\/p>\n\n\n\n<p>Una concursante del reality show -Sandrina- estaba realizando su presentaci\u00f3n; sin embargo, al parecer estaba un poco nerviosa, pues mientras estaba interpretando la copla Trini\u00e1 su lenguaje corporal lo demostraba. <\/p>\n\n\n\n<p>Y es que ese n\u00famero podr\u00eda definir si pasaba o no a la final. Por ello, en un momento Sandrina se qued\u00f3 en blanco, como si se hubiera olvidado de la canci\u00f3n. Ante el suceso, la mujer pidi\u00f3 que la dejaran comenzar de nuevo. <\/p>\n\n\n\n<blockquote class=\"wp-block-quote is-layout-flow wp-block-quote-is-layout-flow\"><p><em>&#8220;\u00a1Que me la s\u00e9 entera!&#8221;<\/em>, dijo Sandrina.<\/p><\/blockquote>\n\n\n\n<p>Una vez ya avanzada la canci\u00f3n, visiblemente tensa, cay\u00f3 al suelo: se desmay\u00f3. De inmediato sus compa\u00f1eros fueron a ayudarla. <\/p>\n\n\n\n<p>Sin embargo, las cosas no quedaron ah\u00ed, pues la madre de la concursante que estaba entre el p\u00fablico tambi\u00e9n se deslom\u00f3 con una crisis nerviosa. <\/p>\n\n\n\n<blockquote class=\"wp-block-quote is-layout-flow wp-block-quote-is-layout-flow\"><p><em>&#8220;\u00a1Mi madre! \u00a1Mi madre!&#8221;,<\/em> grit\u00f3 Sandrina al darse cuenta.<\/p><\/blockquote>\n\n\n\n<p>Finalmente, la presentadora del programa se disculp\u00f3: <\/p>\n\n\n\n<blockquote class=\"wp-block-quote is-layout-flow wp-block-quote-is-layout-flow\"><p>&#8220;<em>Estamos un poco sorprendidos. A Sandrina los nervios le han jugado una mala pasada y nos marchamos y les esperamos el pr\u00f3ximo s\u00e1bado<\/em>&#8220;, dijo Alicia Senovilla, conductora del show.<\/p><\/blockquote>\n\n\n\n<figure class=\"wp-block-embed is-type-video is-provider-youtube wp-block-embed-youtube wp-embed-aspect-16-9 wp-has-aspect-ratio\"><div class=\"wp-block-embed__wrapper\">\n<iframe loading=\"lazy\"  id=\"_ytid_50992\"  width=\"880\" height=\"495\"  data-origwidth=\"880\" data-origheight=\"495\"  data-relstop=\"1\" src=\"https:\/\/www.youtube.com\/embed\/ENcEYAy7GX0?enablejsapi=1&#038;autoplay=0&#038;cc_load_policy=0&#038;cc_lang_pref=&#038;iv_load_policy=1&#038;loop=0&#038;rel=0&#038;fs=1&#038;playsinline=0&#038;autohide=2&#038;theme=dark&#038;color=red&#038;controls=1&#038;\" class=\"__youtube_prefs__  epyt-is-override  no-lazyload\" title=\"YouTube player\"  allow=\"fullscreen; accelerometer; autoplay; clipboard-write; encrypted-media; gyroscope; picture-in-picture; web-share\" referrerpolicy=\"strict-origin-when-cross-origin\" allowfullscreen data-no-lazy=\"1\" data-skipgform_ajax_framebjll=\"\"><\/iframe>\n<\/div><\/figure>\n\n\n\n<p>M\u00e1s tarde un comunicado inform\u00f3 que Sandrina estaba bien: <\/p>\n\n\n\n<figure class=\"wp-block-embed is-type-rich is-provider-twitter wp-block-embed-twitter\"><div class=\"wp-block-embed__wrapper\">\n<blockquote class=\"twitter-tweet\" data-width=\"550\" data-dnt=\"true\"><p lang=\"es\" dir=\"ltr\">Despu\u00e9s de lo ocurrido en el final de gala de hoy, desde A Tu Vera queremos mandar un mensaje de tranquilidad y comunicar que Sandrina se encuentra bien. La semana que viene os mantendremos informado y sabremos el desenlace del Reto Final.<\/p>&mdash; A Tu Vera (TV) (@atuveraOficial) <a href=\"https:\/\/twitter.com\/atuveraOficial\/status\/1490145626956435460?ref_src=twsrc%5Etfw\">February 6, 2022<\/a><\/blockquote><script async src=\"https:\/\/platform.twitter.com\/widgets.js\" charset=\"utf-8\"><\/script>\n<\/div><\/figure>\n\n\n\n<p>Fuente: Milenio <\/p>\n","protected":false},"excerpt":{"rendered":"<p>Las transmisiones en vivo corren el riesgo de que registren momentos inc\u00f3modos. Prueba de ello, es lo que sucedi\u00f3 en un programa de televisi\u00f3n de Espa\u00f1a en donde una concursante del reality show se desmay\u00f3 de los nervios y a su vez, su madre que la ve\u00eda desde el p\u00fablico tambi\u00e9n colaps\u00f3. El gran susto [&hellip;]<\/p>\n","protected":false},"author":8,"featured_media":40539,"comment_status":"open","ping_status":"open","sticky":false,"template":"","format":"standard","meta":{"_monsterinsights_skip_tracking":false,"_monsterinsights_sitenote_active":false,"_monsterinsights_sitenote_note":"","_monsterinsights_sitenote_category":0,"footnotes":""},"categories":[576],"tags":[10204,593,10203],"class_list":["post-40538","post","type-post","status-publish","format-standard","has-post-thumbnail","hentry","category-ocio","tag-concursante","tag-espana","tag-reality-show","wp-image-borders"],"amp_enabled":true,"_links":{"self":[{"href":"https:\/\/nvnoticias.mx\/index.php\/wp-json\/wp\/v2\/posts\/40538","targetHints":{"allow":["GET"]}}],"collection":[{"href":"https:\/\/nvnoticias.mx\/index.php\/wp-json\/wp\/v2\/posts"}],"about":[{"href":"https:\/\/nvnoticias.mx\/index.php\/wp-json\/wp\/v2\/types\/post"}],"author":[{"embeddable":true,"href":"https:\/\/nvnoticias.mx\/index.php\/wp-json\/wp\/v2\/users\/8"}],"replies":[{"embeddable":true,"href":"https:\/\/nvnoticias.mx\/index.php\/wp-json\/wp\/v2\/comments?post=40538"}],"version-history":[{"count":1,"href":"https:\/\/nvnoticias.mx\/index.php\/wp-json\/wp\/v2\/posts\/40538\/revisions"}],"predecessor-version":[{"id":40540,"href":"https:\/\/nvnoticias.mx\/index.php\/wp-json\/wp\/v2\/posts\/40538\/revisions\/40540"}],"wp:featuredmedia":[{"embeddable":true,"href":"https:\/\/nvnoticias.mx\/index.php\/wp-json\/wp\/v2\/media\/40539"}],"wp:attachment":[{"href":"https:\/\/nvnoticias.mx\/index.php\/wp-json\/wp\/v2\/media?parent=40538"}],"wp:term":[{"taxonomy":"category","embeddable":true,"href":"https:\/\/nvnoticias.mx\/index.php\/wp-json\/wp\/v2\/categories?post=40538"},{"taxonomy":"post_tag","embeddable":true,"href":"https:\/\/nvnoticias.mx\/index.php\/wp-json\/wp\/v2\/tags?post=40538"}],"curies":[{"name":"wp","href":"https:\/\/api.w.org\/{rel}","templated":true}]}}