{"id":40532,"date":"2022-02-11T16:47:27","date_gmt":"2022-02-11T22:47:27","guid":{"rendered":"https:\/\/nvnoticias.mx\/?p=40532"},"modified":"2022-02-11T16:47:28","modified_gmt":"2022-02-11T22:47:28","slug":"bebe-de-27-dias-de-nacido-da-positivo-a-covid-19-en-san-luis-potosi","status":"publish","type":"post","link":"https:\/\/nvnoticias.mx\/index.php\/2022\/02\/11\/bebe-de-27-dias-de-nacido-da-positivo-a-covid-19-en-san-luis-potosi\/","title":{"rendered":"Beb\u00e9 de 27 d\u00edas de nacido da positivo a covid-19 en San Luis Potos\u00ed"},"content":{"rendered":"\n<p>Los Servicios de Salud del estado de San Luis Potos\u00ed reportaron 974 nuevos casos positivos de covid-19, entre los que se encuentra un beb\u00e9 reci\u00e9n nacido. <\/p>\n\n\n\n<p>Se trata de un ni\u00f1o que naci\u00f3 hace 27 d\u00edas, es originario de la capital potosina y se encuentra en manejo ambulatorio; su estado de salud se reporta estable. <\/p>\n\n\n\n<p>La Secretar\u00eda de Salud estatal inform\u00f3 que de acuerdo con la documentaci\u00f3n de este caso, el beb\u00e9 contrajo el virus por contacto con un familiar confirmado como positivo a covid-19. <\/p>\n\n\n\n<p>Con este caso suman 10 reci\u00e9n nacidos contagiados en lo que va la cuarta ola de la pandemia impulsada por la variante \u00f3micron. En la entidad, esta variante es dominante en un 96 por ciento de los casos. <\/p>\n\n\n\n<p>Este viernes se reportaron 12 nuevas defunciones en personas con un rango de edad de 60 a 92 a\u00f1os, de las cuales cinco\u00a0no ten\u00edan antecedentes de vacunaci\u00f3n, una contaba con una sola dosis y seis ten\u00eda en esquema completo de vacunaci\u00f3n. <\/p>\n\n\n\n<p>Fuente: Milenio <\/p>\n","protected":false},"excerpt":{"rendered":"<p>Los Servicios de Salud del estado de San Luis Potos\u00ed reportaron 974 nuevos casos positivos de covid-19, entre los que se encuentra un beb\u00e9 reci\u00e9n nacido. Se trata de un ni\u00f1o que naci\u00f3 hace 27 d\u00edas, es originario de la capital potosina y se encuentra en manejo ambulatorio; su estado de salud se reporta estable. [&hellip;]<\/p>\n","protected":false},"author":8,"featured_media":34453,"comment_status":"open","ping_status":"open","sticky":false,"template":"","format":"standard","meta":{"_monsterinsights_skip_tracking":false,"_monsterinsights_sitenote_active":false,"_monsterinsights_sitenote_note":"","_monsterinsights_sitenote_category":0,"footnotes":""},"categories":[157],"tags":[2340,175,1557,1411],"class_list":["post-40532","post","type-post","status-publish","format-standard","has-post-thumbnail","hentry","category-nacional","tag-bebe","tag-covid-19","tag-positivo","tag-san-luis-potosi","wp-image-borders"],"amp_enabled":true,"_links":{"self":[{"href":"https:\/\/nvnoticias.mx\/index.php\/wp-json\/wp\/v2\/posts\/40532","targetHints":{"allow":["GET"]}}],"collection":[{"href":"https:\/\/nvnoticias.mx\/index.php\/wp-json\/wp\/v2\/posts"}],"about":[{"href":"https:\/\/nvnoticias.mx\/index.php\/wp-json\/wp\/v2\/types\/post"}],"author":[{"embeddable":true,"href":"https:\/\/nvnoticias.mx\/index.php\/wp-json\/wp\/v2\/users\/8"}],"replies":[{"embeddable":true,"href":"https:\/\/nvnoticias.mx\/index.php\/wp-json\/wp\/v2\/comments?post=40532"}],"version-history":[{"count":1,"href":"https:\/\/nvnoticias.mx\/index.php\/wp-json\/wp\/v2\/posts\/40532\/revisions"}],"predecessor-version":[{"id":40533,"href":"https:\/\/nvnoticias.mx\/index.php\/wp-json\/wp\/v2\/posts\/40532\/revisions\/40533"}],"wp:featuredmedia":[{"embeddable":true,"href":"https:\/\/nvnoticias.mx\/index.php\/wp-json\/wp\/v2\/media\/34453"}],"wp:attachment":[{"href":"https:\/\/nvnoticias.mx\/index.php\/wp-json\/wp\/v2\/media?parent=40532"}],"wp:term":[{"taxonomy":"category","embeddable":true,"href":"https:\/\/nvnoticias.mx\/index.php\/wp-json\/wp\/v2\/categories?post=40532"},{"taxonomy":"post_tag","embeddable":true,"href":"https:\/\/nvnoticias.mx\/index.php\/wp-json\/wp\/v2\/tags?post=40532"}],"curies":[{"name":"wp","href":"https:\/\/api.w.org\/{rel}","templated":true}]}}