{"id":40496,"date":"2022-02-11T12:40:31","date_gmt":"2022-02-11T18:40:31","guid":{"rendered":"https:\/\/nvnoticias.mx\/?p=40496"},"modified":"2022-02-11T12:40:57","modified_gmt":"2022-02-11T18:40:57","slug":"revela-caitlyn-jenner-como-esta-kylie-jenner-despues-de-recibir-a-su-segundo-bebe","status":"publish","type":"post","link":"https:\/\/nvnoticias.mx\/index.php\/2022\/02\/11\/revela-caitlyn-jenner-como-esta-kylie-jenner-despues-de-recibir-a-su-segundo-bebe\/","title":{"rendered":"Revela Caitlyn Jenner c\u00f3mo est\u00e1 Kylie Jenner despu\u00e9s de recibir a su segundo beb\u00e9"},"content":{"rendered":"\n<p>Casi una semana despu\u00e9s de que la magnate de la belleza anunciara el nacimiento de su segundo beb\u00e9 con&nbsp;Travis Scott, Caitlyn habl\u00f3 sobre su nieto n\u00famero 19 durante una entrevista el 9 de febrero con&nbsp;<em>Good Morning Britain<\/em>. Al confirmar que Kylie le dio la bienvenida a un beb\u00e9 var\u00f3n, Caitlyn agreg\u00f3, &#8220;Est\u00e1n genial. Kylie est\u00e1 muy bien, todos est\u00e1n bien&#8221;.<\/p>\n\n\n\n<p>El 6 de febrero, Kylie confirm\u00f3 que su hija&nbsp;Stormi Webster, de 4 a\u00f1os, se convirti\u00f3 oficialmente en hermana mayor solo unos d\u00edas antes. Para su anuncio, la estrella de&nbsp;<em>Keeping Up With the Kardashians<\/em>&nbsp;comparti\u00f3 una foto en blanco y negro de la mano de un reci\u00e9n nacido sostenida por Stormi, subtitulando la foto, &#8220;2\/2\/22&#8221;. Despu\u00e9s de su conmovedora publicaci\u00f3n, amigos y familiares recurrieron a las redes sociales para celebrar la llegada de su nuevo reto\u00f1o.<\/p>\n\n\n\n<p>Su hermana&nbsp;Kourtney Kardashian&nbsp;coment\u00f3 en su publicaci\u00f3n, &#8220;Mam\u00e1 de dos vidas&#8221;. Mientras que su madre&nbsp;Kris Jenner&nbsp;llam\u00f3 a su nieto &#8220;Angel Pie&#8221;. La mejor amiga de&nbsp;Khlo\u00e9 Kardashian,&nbsp;Khadijah Haqq McCray, tambi\u00e9n ingres\u00f3 al chat y escribi\u00f3, &#8220;\u00a1Te amamos, beb\u00e9!&#8221;<\/p>\n\n\n\n<p>Fuente: E!<\/p>\n","protected":false},"excerpt":{"rendered":"<p>Casi una semana despu\u00e9s de que la magnate de la belleza anunciara el nacimiento de su segundo beb\u00e9 con&nbsp;Travis Scott, Caitlyn habl\u00f3 sobre su nieto n\u00famero 19 durante una entrevista el 9 de febrero con&nbsp;Good Morning Britain. Al confirmar que Kylie le dio la bienvenida a un beb\u00e9 var\u00f3n, Caitlyn agreg\u00f3, &#8220;Est\u00e1n genial. Kylie est\u00e1 [&hellip;]<\/p>\n","protected":false},"author":35,"featured_media":22093,"comment_status":"open","ping_status":"open","sticky":false,"template":"","format":"standard","meta":{"_monsterinsights_skip_tracking":false,"_monsterinsights_sitenote_active":false,"_monsterinsights_sitenote_note":"","_monsterinsights_sitenote_category":0,"footnotes":""},"categories":[576],"tags":[2340,5737,5736,8790],"class_list":["post-40496","post","type-post","status-publish","format-standard","has-post-thumbnail","hentry","category-ocio","tag-bebe","tag-caitlyn-jenner","tag-kylie-jenner","tag-recibir","wp-image-borders"],"amp_enabled":true,"_links":{"self":[{"href":"https:\/\/nvnoticias.mx\/index.php\/wp-json\/wp\/v2\/posts\/40496","targetHints":{"allow":["GET"]}}],"collection":[{"href":"https:\/\/nvnoticias.mx\/index.php\/wp-json\/wp\/v2\/posts"}],"about":[{"href":"https:\/\/nvnoticias.mx\/index.php\/wp-json\/wp\/v2\/types\/post"}],"author":[{"embeddable":true,"href":"https:\/\/nvnoticias.mx\/index.php\/wp-json\/wp\/v2\/users\/35"}],"replies":[{"embeddable":true,"href":"https:\/\/nvnoticias.mx\/index.php\/wp-json\/wp\/v2\/comments?post=40496"}],"version-history":[{"count":2,"href":"https:\/\/nvnoticias.mx\/index.php\/wp-json\/wp\/v2\/posts\/40496\/revisions"}],"predecessor-version":[{"id":40498,"href":"https:\/\/nvnoticias.mx\/index.php\/wp-json\/wp\/v2\/posts\/40496\/revisions\/40498"}],"wp:featuredmedia":[{"embeddable":true,"href":"https:\/\/nvnoticias.mx\/index.php\/wp-json\/wp\/v2\/media\/22093"}],"wp:attachment":[{"href":"https:\/\/nvnoticias.mx\/index.php\/wp-json\/wp\/v2\/media?parent=40496"}],"wp:term":[{"taxonomy":"category","embeddable":true,"href":"https:\/\/nvnoticias.mx\/index.php\/wp-json\/wp\/v2\/categories?post=40496"},{"taxonomy":"post_tag","embeddable":true,"href":"https:\/\/nvnoticias.mx\/index.php\/wp-json\/wp\/v2\/tags?post=40496"}],"curies":[{"name":"wp","href":"https:\/\/api.w.org\/{rel}","templated":true}]}}