{"id":40436,"date":"2022-02-11T11:00:13","date_gmt":"2022-02-11T17:00:13","guid":{"rendered":"https:\/\/nvnoticias.mx\/?p=40436"},"modified":"2022-02-11T11:02:01","modified_gmt":"2022-02-11T17:02:01","slug":"continua-estrategia-estatal-contra-el-coronavirus","status":"publish","type":"post","link":"https:\/\/nvnoticias.mx\/index.php\/2022\/02\/11\/continua-estrategia-estatal-contra-el-coronavirus\/","title":{"rendered":"Contin\u00faa Estrategia Estatal contra el coronavirus"},"content":{"rendered":"\n<p>Luego de 327 mil 559 estudios practicados, reportamos 154 mil 360 (+ mil 316 nuevos) casos confirmados de COVID-19 en Veracruz, 4 mil 843 positivos activos y 611 sospechosos actuales.<\/p>\n\n\n\n<p>Desde que comenz\u00f3 la emergencia se han recuperado 134 mil 149 pacientes y permanecen en vigilancia 4 mil 812. Los fallecimientos suman 15 mil 399 (+ 85 nuevos).<\/p>\n\n\n\n<p>Respecto de las cifras acumuladas, suman 158 mil 726 resultados negativos y 14 mil 473 sospechosos.<\/p>\n\n\n\n<p><strong>Plan Nacional de Vacunaci\u00f3n<\/strong><\/p>\n\n\n\n<p>La aplicaci\u00f3n del refuerzo a la poblaci\u00f3n de 40 a 50 a\u00f1os ser\u00e1 de acuerdo a las siguientes fechas y municipios. <\/p>\n\n\n\n<p>Lo mismo para rezagados y mujeres embarazadas \u2013a partir de la novena semana de gestaci\u00f3n\u2013 mayores de 18.<\/p>\n\n\n\n<p><strong>11 de febrero<\/strong><\/p>\n\n\n\n<p>\u2022 Acultzingo.<br>\u2022 Agua Dulce.<br>\u2022 Aquila<br>\u2022 \u00c1ngel R. Cabada.<br>\u2022 El Higo.<br>\u2022 Filomeno Mata.<br>\u2022 Ixhuatl\u00e1n del Caf\u00e9.<br>\u2022 Ixhuatlancillo.<br>\u2022 La Antigua.<br>\u2022 Lerdo de Tejada.<br>\u2022 Maltrata.<br>\u2022 Naranjal.<br>\u2022 Nautla.<br>\u2022 Ozuluama.<br>\u2022 Plat\u00f3n S\u00e1nchez.<br>\u2022 San Rafael.<br>\u2022 Sochiapa.<br>\u2022 Teocelo.<br>\u2022 Tlacolulan.<br>\u2022 Tlaquilpa.<br>\u2022 Xoxocotla.<\/p>\n\n\n\n<p><strong>12 de febrero<\/strong><br>\u2022 Carlos A. Carrillo.<br>\u2022 Chontla.<br>\u2022 Coahuitl\u00e1n.<br>\u2022 Ixcatepec.<br>\u2022 Los Reyes.<br>\u2022 Moloac\u00e1n.<br>\u2022 Nanchital.<br>\u2022 Omealca.<br>\u2022 Santiago Sochiapan.<br>\u2022 Tenampa.<br>\u2022 Tequila.<br>\u2022 Texhuacan.<br>\u2022 Tlacotepec de Mej\u00eda.<br>\u2022 Tomatl\u00e1n.<\/p>\n\n\n\n<p><strong>12 y 13 de febrero<\/strong><br>\u2022 Cotaxtla.<br>\u2022 Ignacio de la Llave.<br>\u2022 San Juan Evangelista.<br>\u2022 Sayula de Alem\u00e1n.<br>\u2022 Totutla.<br>\u2022 \u00darsulo Galv\u00e1n.<\/p>\n\n\n\n<p>A raz\u00f3n del D\u00eda del Odont\u00f3logo, reconocemos a los profesionales de esta especialidad por su capacidad de combinar ciencia, t\u00e9cnica, arte y psicolog\u00eda, para transformar dudas, molestias y dolores en sonrisas y bienestar.<\/p>\n\n\n\n<p>Precis\u00f3 que dicho trabajo es fundamental porque son quienes previenen enfermedades bucales y dentales entre la poblaci\u00f3n, evitando incluso problemas como los cardiovasculares.<\/p>\n\n\n\n<p>Por otra parte, reiteramos el exhorto a mantener los protocolos sanitarios: sana distancia, aseo frecuente de manos, uso correcto del cubreboca y evitar lugares concurridos.<\/p>\n\n\n\n<p>Tengamos presente que los movimientos de poblaci\u00f3n y el descuido de las medidas preventivas contribuyen no s\u00f3lo a la persistencia, sino tambi\u00e9n a la dispersi\u00f3n del virus.Consulta el Plan de Vacunaci\u00f3n y el Sem\u00e1foro Epidemiol\u00f3gico en <a rel=\"noreferrer noopener\" href=\"https:\/\/l.facebook.com\/l.php?u=http%3A%2F%2Fcoronavirus.veracruz.gob.mx%2F%3Ffbclid%3DIwAR0DZIOaDj5AradOhDcO_p98mDz9sDSb-rGJVWGNWfDc2l97jYkpHs7uZHs&amp;h=AT3Ml39BtJxm9L6rwXFHoR0HlkbOJjERF9xNx-ba0dA3XHTlCMizPJbE5mJddCnSdyILxU6FUIOvoYFj9h5HquSkSfxp06QCAsYxArGb9bWG8vuKQPoeKRI2dQNlKSDVyQ&amp;__tn__=-UK-R&amp;c[0]=AT1QrD-I6JtuWMOcwD8KcszdItUs6o88aoCOTtfYukvqc_6kokikWarePX68aCw0dd71X_4VSQb1LsNmtjc62r4C8wX1wkSsb4JCTWA8psKgR7i3RZkTZbPE-bvsc9PBV_eGPCJQPF2eJLvcrmZJaI5xBhXtl8zK7ApTUJQL_JO0OxQ\" target=\"_blank\">http:\/\/coronavirus.veracruz.gob.mx.<\/a> <\/p>\n\n\n\n<p>Ante s\u00edntomas leves llama al 800 0123456; por alg\u00fan evento de gravedad asiste al hospital m\u00e1s cercano o marca el 911.<\/p>\n","protected":false},"excerpt":{"rendered":"<p>Luego de 327 mil 559 estudios practicados, reportamos 154 mil 360 (+ mil 316 nuevos) casos confirmados de COVID-19 en Veracruz, 4 mil 843 positivos activos y 611 sospechosos actuales. Desde que comenz\u00f3 la emergencia se han recuperado 134 mil 149 pacientes y permanecen en vigilancia 4 mil 812. Los fallecimientos suman 15 mil 399 [&hellip;]<\/p>\n","protected":false},"author":7,"featured_media":40438,"comment_status":"open","ping_status":"open","sticky":false,"template":"","format":"standard","meta":{"_monsterinsights_skip_tracking":false,"_monsterinsights_sitenote_active":false,"_monsterinsights_sitenote_note":"","_monsterinsights_sitenote_category":0,"footnotes":""},"categories":[156],"tags":[359,175,9917,809,180],"class_list":["post-40436","post","type-post","status-publish","format-standard","has-post-thumbnail","hentry","category-estado","tag-coronavirus","tag-covid-19","tag-estrategia-estatal","tag-vacunacion","tag-veracruz","wp-image-borders"],"amp_enabled":true,"_links":{"self":[{"href":"https:\/\/nvnoticias.mx\/index.php\/wp-json\/wp\/v2\/posts\/40436","targetHints":{"allow":["GET"]}}],"collection":[{"href":"https:\/\/nvnoticias.mx\/index.php\/wp-json\/wp\/v2\/posts"}],"about":[{"href":"https:\/\/nvnoticias.mx\/index.php\/wp-json\/wp\/v2\/types\/post"}],"author":[{"embeddable":true,"href":"https:\/\/nvnoticias.mx\/index.php\/wp-json\/wp\/v2\/users\/7"}],"replies":[{"embeddable":true,"href":"https:\/\/nvnoticias.mx\/index.php\/wp-json\/wp\/v2\/comments?post=40436"}],"version-history":[{"count":1,"href":"https:\/\/nvnoticias.mx\/index.php\/wp-json\/wp\/v2\/posts\/40436\/revisions"}],"predecessor-version":[{"id":40439,"href":"https:\/\/nvnoticias.mx\/index.php\/wp-json\/wp\/v2\/posts\/40436\/revisions\/40439"}],"wp:featuredmedia":[{"embeddable":true,"href":"https:\/\/nvnoticias.mx\/index.php\/wp-json\/wp\/v2\/media\/40438"}],"wp:attachment":[{"href":"https:\/\/nvnoticias.mx\/index.php\/wp-json\/wp\/v2\/media?parent=40436"}],"wp:term":[{"taxonomy":"category","embeddable":true,"href":"https:\/\/nvnoticias.mx\/index.php\/wp-json\/wp\/v2\/categories?post=40436"},{"taxonomy":"post_tag","embeddable":true,"href":"https:\/\/nvnoticias.mx\/index.php\/wp-json\/wp\/v2\/tags?post=40436"}],"curies":[{"name":"wp","href":"https:\/\/api.w.org\/{rel}","templated":true}]}}