{"id":40382,"date":"2022-02-10T17:07:24","date_gmt":"2022-02-10T23:07:24","guid":{"rendered":"https:\/\/nvnoticias.mx\/?p=40382"},"modified":"2022-02-10T17:07:25","modified_gmt":"2022-02-10T23:07:25","slug":"detienen-a-polleros-que-transportaban-a-33-ninos-y-86-migrantes-en-oaxaca","status":"publish","type":"post","link":"https:\/\/nvnoticias.mx\/index.php\/2022\/02\/10\/detienen-a-polleros-que-transportaban-a-33-ninos-y-86-migrantes-en-oaxaca\/","title":{"rendered":"Detienen a &#8216;polleros&#8217; que transportaban a 33 ni\u00f1os y 86 migrantes en Oaxaca"},"content":{"rendered":"\n<p>Un grupo de polleros fue detenido mientras transportaba por Oaxaca a 119 migrantes originarios de Guatemala, entre los que hab\u00eda 33 ni\u00f1os no acompa\u00f1ados. <\/p>\n\n\n\n<p>Fue en el punto de revisi\u00f3n La Mata, en Asunci\u00f3n Ixtaltepec, cuando personal del Instituto Nacional de Migraci\u00f3n (INM) marc\u00f3 el alto a un cami\u00f3n de redilas y una camioneta tipo estaquitas. <\/p>\n\n\n\n<p>El reloj marcaba las 18:00 horas cuando se detuvieron en el punto de revisi\u00f3n al cami\u00f3n de redilas con placas del Estado de M\u00e9xico y a la camioneta tipo estaquitas con matr\u00edculas de Oaxaca.<\/p>\n\n\n\n<p>Durante la revisi\u00f3n de las unidades, los agentes migratorios encontraron escondidos a los 119 personas migrantes, entre los que hab\u00eda 32 mujeres adultas, 53 hombres adultos y 34 menores de edad, de los cuales 33 viajaban solos y uno m\u00e1s acompa\u00f1ado. <\/p>\n\n\n\n<p>Con apoyo de elementos de la Guardia Nacional (GN), la polic\u00eda municipal en Asunci\u00f3n Ixtaltepec, y de la Fiscal\u00eda General de la Rep\u00fablica (FGR),\u00a0los conductores y las unidades\u00a0quedaron a disposici\u00f3n de la autoridad correspondiente.\u00a0 <\/p>\n\n\n\n<p>En tanto, con apego a los derechos humanos, los migrantes adultos fueron trasladados a oficinas migratorias para iniciar el procedimiento administrativo respectivo. Los menores de edad quedaron bajo la tutela del Sistema para el Desarrollo Integral de la Familia (DIF) en la entidad, se inform\u00f3. <\/p>\n\n\n\n<p>Fuente: Milenio <\/p>\n","protected":false},"excerpt":{"rendered":"<p>Un grupo de polleros fue detenido mientras transportaba por Oaxaca a 119 migrantes originarios de Guatemala, entre los que hab\u00eda 33 ni\u00f1os no acompa\u00f1ados. Fue en el punto de revisi\u00f3n La Mata, en Asunci\u00f3n Ixtaltepec, cuando personal del Instituto Nacional de Migraci\u00f3n (INM) marc\u00f3 el alto a un cami\u00f3n de redilas y una camioneta tipo [&hellip;]<\/p>\n","protected":false},"author":8,"featured_media":40383,"comment_status":"open","ping_status":"open","sticky":false,"template":"","format":"standard","meta":{"_monsterinsights_skip_tracking":false,"_monsterinsights_sitenote_active":false,"_monsterinsights_sitenote_note":"","_monsterinsights_sitenote_category":0,"footnotes":""},"categories":[157],"tags":[452,1016,270,4300],"class_list":["post-40382","post","type-post","status-publish","format-standard","has-post-thumbnail","hentry","category-nacional","tag-migrantes","tag-ninos","tag-oaxaca","tag-polleros","wp-image-borders"],"amp_enabled":true,"_links":{"self":[{"href":"https:\/\/nvnoticias.mx\/index.php\/wp-json\/wp\/v2\/posts\/40382","targetHints":{"allow":["GET"]}}],"collection":[{"href":"https:\/\/nvnoticias.mx\/index.php\/wp-json\/wp\/v2\/posts"}],"about":[{"href":"https:\/\/nvnoticias.mx\/index.php\/wp-json\/wp\/v2\/types\/post"}],"author":[{"embeddable":true,"href":"https:\/\/nvnoticias.mx\/index.php\/wp-json\/wp\/v2\/users\/8"}],"replies":[{"embeddable":true,"href":"https:\/\/nvnoticias.mx\/index.php\/wp-json\/wp\/v2\/comments?post=40382"}],"version-history":[{"count":1,"href":"https:\/\/nvnoticias.mx\/index.php\/wp-json\/wp\/v2\/posts\/40382\/revisions"}],"predecessor-version":[{"id":40384,"href":"https:\/\/nvnoticias.mx\/index.php\/wp-json\/wp\/v2\/posts\/40382\/revisions\/40384"}],"wp:featuredmedia":[{"embeddable":true,"href":"https:\/\/nvnoticias.mx\/index.php\/wp-json\/wp\/v2\/media\/40383"}],"wp:attachment":[{"href":"https:\/\/nvnoticias.mx\/index.php\/wp-json\/wp\/v2\/media?parent=40382"}],"wp:term":[{"taxonomy":"category","embeddable":true,"href":"https:\/\/nvnoticias.mx\/index.php\/wp-json\/wp\/v2\/categories?post=40382"},{"taxonomy":"post_tag","embeddable":true,"href":"https:\/\/nvnoticias.mx\/index.php\/wp-json\/wp\/v2\/tags?post=40382"}],"curies":[{"name":"wp","href":"https:\/\/api.w.org\/{rel}","templated":true}]}}