{"id":40373,"date":"2022-02-10T14:45:30","date_gmt":"2022-02-10T20:45:30","guid":{"rendered":"https:\/\/nvnoticias.mx\/?p=40373"},"modified":"2022-02-10T14:45:31","modified_gmt":"2022-02-10T20:45:31","slug":"comision-de-transporte-analizara-el-cobro-excesivo-de-las-gruas-y-los-corralones","status":"publish","type":"post","link":"https:\/\/nvnoticias.mx\/index.php\/2022\/02\/10\/comision-de-transporte-analizara-el-cobro-excesivo-de-las-gruas-y-los-corralones\/","title":{"rendered":"Comisi\u00f3n de Transporte analizar\u00e1 el cobro excesivo de las gr\u00faas y los corralones"},"content":{"rendered":"\n<p><strong>Jes\u00fas Utrilla \/ NV Noticias<\/strong><\/p>\n\n\n\n<p>Con el objetivo de constituir iniciativas y realizar reformas a las leyes en materia de transporte, que garanticen a las y los habitantes mayor movilidad y se consolide la concientizaci\u00f3n vial, la Comisi\u00f3n Permanente de Transporte, Tr\u00e1nsito y Vialidad del Congreso del Estado, inici\u00f3 el an\u00e1lisis del plan de trabajo 2022.<\/p>\n\n\n\n<p>El presidente de la comisi\u00f3n, el diputado local Juan Enrique Santos Mendoza, se\u00f1al\u00f3 que se considerar\u00e1n las demandas constantes del sector transportista como el cobro excesivo de las gr\u00faas, corralones, las transferencias de las concesiones en la modalidad de taxis y el abuso de las altas multas.<\/p>\n\n\n\n<blockquote class=\"wp-block-quote is-layout-flow wp-block-quote-is-layout-flow\"><p><em>\u201cVamos a revisar hasta donde podemos gestionar con las dependencias en el ramo, con el objetivo de ayudar para que se tenga m\u00e1s libertad en la movilidad; adem\u00e1s de atender al llamado de la poblaci\u00f3n por menos tr\u00e1fico en las ciudades, como el caso del libramiento Xalapa-Perote, para que sea m\u00e1s accesible en sus costos en la caseta de peaje<\/em>\u201d.<\/p><\/blockquote>\n\n\n\n<p>Celebr\u00f3 la reciente aprobaci\u00f3n de su propuesta para la creaci\u00f3n de la Semana de Movilidad y Seguridad Vial, la cual se realizar\u00e1 la tercera semana de mayo y prev\u00e9 reunir a expositores y especialistas en materia de transporte y vialidad para promover una mejor movilidad y medidas de prevenci\u00f3n, a fin de disminuir los \u00edndices de accidentes terrestres.&nbsp;<\/p>\n\n\n\n<p>&nbsp;De la misma forma, adelant\u00f3 que el pr\u00f3ximo 15 de febrero, la Comisi\u00f3n dictaminar\u00e1 su iniciativa para dar agilidad a los tiempos de respuesta en la transferencia&nbsp;&nbsp;de concesiones -las cuales actualmente se responden en 45 d\u00edas- dificultando que alg\u00fan familiar del concesionario pueda trabajar el permiso, al verse imposibilitado por el impacto de la pandemia por COVID-19.&nbsp;<\/p>\n\n\n\n<p>El legislador de Fuerza por M\u00e9xico reiter\u00f3 que la unidad entre los \u00f3rdenes de gobierno har\u00e1 posible la creaci\u00f3n de mejores marcos normativos y modificaciones que coadyuven al mejoramiento de la movilidad, tambi\u00e9n calific\u00f3 como importante que la poblaci\u00f3n haga llegar su sentir a sus representantes, para tener claro sus planteamientos y se les d\u00e9 seguimiento.<\/p>\n","protected":false},"excerpt":{"rendered":"<p>Jes\u00fas Utrilla \/ NV Noticias Con el objetivo de constituir iniciativas y realizar reformas a las leyes en materia de transporte, que garanticen a las y los habitantes mayor movilidad y se consolide la concientizaci\u00f3n vial, la Comisi\u00f3n Permanente de Transporte, Tr\u00e1nsito y Vialidad del Congreso del Estado, inici\u00f3 el an\u00e1lisis del plan de trabajo [&hellip;]<\/p>\n","protected":false},"author":8,"featured_media":40374,"comment_status":"open","ping_status":"open","sticky":false,"template":"","format":"standard","meta":{"_monsterinsights_skip_tracking":false,"_monsterinsights_sitenote_active":false,"_monsterinsights_sitenote_note":"","_monsterinsights_sitenote_category":0,"footnotes":""},"categories":[154],"tags":[10144,10145,8390],"class_list":["post-40373","post","type-post","status-publish","format-standard","has-post-thumbnail","hentry","category-veracruz","tag-comision-de-transporte","tag-corralones","tag-gruas","wp-image-borders"],"amp_enabled":true,"_links":{"self":[{"href":"https:\/\/nvnoticias.mx\/index.php\/wp-json\/wp\/v2\/posts\/40373","targetHints":{"allow":["GET"]}}],"collection":[{"href":"https:\/\/nvnoticias.mx\/index.php\/wp-json\/wp\/v2\/posts"}],"about":[{"href":"https:\/\/nvnoticias.mx\/index.php\/wp-json\/wp\/v2\/types\/post"}],"author":[{"embeddable":true,"href":"https:\/\/nvnoticias.mx\/index.php\/wp-json\/wp\/v2\/users\/8"}],"replies":[{"embeddable":true,"href":"https:\/\/nvnoticias.mx\/index.php\/wp-json\/wp\/v2\/comments?post=40373"}],"version-history":[{"count":1,"href":"https:\/\/nvnoticias.mx\/index.php\/wp-json\/wp\/v2\/posts\/40373\/revisions"}],"predecessor-version":[{"id":40375,"href":"https:\/\/nvnoticias.mx\/index.php\/wp-json\/wp\/v2\/posts\/40373\/revisions\/40375"}],"wp:featuredmedia":[{"embeddable":true,"href":"https:\/\/nvnoticias.mx\/index.php\/wp-json\/wp\/v2\/media\/40374"}],"wp:attachment":[{"href":"https:\/\/nvnoticias.mx\/index.php\/wp-json\/wp\/v2\/media?parent=40373"}],"wp:term":[{"taxonomy":"category","embeddable":true,"href":"https:\/\/nvnoticias.mx\/index.php\/wp-json\/wp\/v2\/categories?post=40373"},{"taxonomy":"post_tag","embeddable":true,"href":"https:\/\/nvnoticias.mx\/index.php\/wp-json\/wp\/v2\/tags?post=40373"}],"curies":[{"name":"wp","href":"https:\/\/api.w.org\/{rel}","templated":true}]}}