{"id":40370,"date":"2022-02-10T14:29:53","date_gmt":"2022-02-10T20:29:53","guid":{"rendered":"https:\/\/nvnoticias.mx\/?p=40370"},"modified":"2022-02-10T14:35:12","modified_gmt":"2022-02-10T20:35:12","slug":"instalan-en-veracruz-la-red-nacional-de-mujeres-defensoras-de-la-paridad-en-todo","status":"publish","type":"post","link":"https:\/\/nvnoticias.mx\/index.php\/2022\/02\/10\/instalan-en-veracruz-la-red-nacional-de-mujeres-defensoras-de-la-paridad-en-todo\/","title":{"rendered":"Instalan en Veracruz la Red Nacional de Mujeres Defensoras de la Paridad en Todo"},"content":{"rendered":"\n<p><strong>Jes\u00fas Utrilla \/ NV Noticias<\/strong><\/p>\n\n\n\n<p>Fue instalada la Red Nacional de Mujeres Defensoras de la Paridad en Todo.<\/p>\n\n\n\n<p>Se busca que la paridad no solo otorgue espacios a las mujeres en igualdad num\u00e9rica, sino que sirva para que con mayor presencia se atienda la agenda de las mujeres.<\/p>\n\n\n\n<p>M\u00f3nica Mendoza, acad\u00e9mica y activista, dijo que las mujeres que participan, lo hacen desde sus posiciones y representaciones pol\u00edticas en igualdad de circunstancias, articulando un esfuerzo colectivo por impulsar en sus \u00e1mbitos y latitudes la paridad y con ella, la agenda de los derechos humanos de las mujeres.<\/p>\n\n\n\n<p>La red cuenta con la participaci\u00f3n de mujeres de la vida p\u00fablica veracruzana, del \u00e1mbito empresarial, social, acad\u00e9mico y pol\u00edtico.<\/p>\n\n\n\n<p>Se\u00f1alo que la defensa de los derechos de las mujeres es urgente ante la escalada de violencia que se vive y que obliga a adoptar acciones articuladas, porque los esfuerzos institucionales son insuficientes.<\/p>\n\n\n\n<p>Agreg\u00f3 que la acci\u00f3n organizada de las mujeres es una necesidad ante el embate de un patriarcado que se resiste a reconocer su lugar y recurre a estrategias que tratan de impedir el acceso a las posiciones de representaci\u00f3n.<\/p>\n\n\n\n<p>Habl\u00f3 sobre el cambio generacional que implica asumir compromisos \u00e9ticos, sobre la necesidad de armar todas las redes que sean posibles para consolidarse, porque los esfuerzos gubernamentales son cada vez m\u00e1s insuficientes, puntualizando la urgencia de construir alianzas entre las organizaciones civiles y las legisladoras para que se pueda avanzar m\u00e1s s\u00f3lidamente en iniciativas que atiendan problem\u00e1ticas reales que impacten la vida de las mujeres.&nbsp;<\/p>\n\n\n\n<p>La Red Nacional creada a finales de 2019 y que est\u00e1 integrada por mujeres de todos los estados del pa\u00eds y que ya tiene instalados cap\u00edtulos en 13 estados incluyendo Veracruz.<\/p>\n\n\n\n<p>En Veracruz tomaron protesta como integrantes de la Red una Senadora de la Rep\u00fablica, una Diputada Federal, Diputadas locales de todos los partidos pol\u00edticos, una dirigente pol\u00edtica estatal, integrantes de los Comit\u00e9s estatales de tres partidos pol\u00edticos, abogadas, mujeres del funcionariado p\u00fablico estatal y municipal, acad\u00e9micas, activistas de organizaciones civiles y empresarias.<\/p>\n","protected":false},"excerpt":{"rendered":"<p>Jes\u00fas Utrilla \/ NV Noticias Fue instalada la Red Nacional de Mujeres Defensoras de la Paridad en Todo. Se busca que la paridad no solo otorgue espacios a las mujeres en igualdad num\u00e9rica, sino que sirva para que con mayor presencia se atienda la agenda de las mujeres. M\u00f3nica Mendoza, acad\u00e9mica y activista, dijo que [&hellip;]<\/p>\n","protected":false},"author":8,"featured_media":40371,"comment_status":"open","ping_status":"open","sticky":false,"template":"","format":"standard","meta":{"_monsterinsights_skip_tracking":false,"_monsterinsights_sitenote_active":false,"_monsterinsights_sitenote_note":"","_monsterinsights_sitenote_category":0,"footnotes":""},"categories":[154],"tags":[10143,180],"class_list":["post-40370","post","type-post","status-publish","format-standard","has-post-thumbnail","hentry","category-veracruz","tag-red-nacional-de-mujeres-defensoras","tag-veracruz","wp-image-borders"],"amp_enabled":true,"_links":{"self":[{"href":"https:\/\/nvnoticias.mx\/index.php\/wp-json\/wp\/v2\/posts\/40370","targetHints":{"allow":["GET"]}}],"collection":[{"href":"https:\/\/nvnoticias.mx\/index.php\/wp-json\/wp\/v2\/posts"}],"about":[{"href":"https:\/\/nvnoticias.mx\/index.php\/wp-json\/wp\/v2\/types\/post"}],"author":[{"embeddable":true,"href":"https:\/\/nvnoticias.mx\/index.php\/wp-json\/wp\/v2\/users\/8"}],"replies":[{"embeddable":true,"href":"https:\/\/nvnoticias.mx\/index.php\/wp-json\/wp\/v2\/comments?post=40370"}],"version-history":[{"count":1,"href":"https:\/\/nvnoticias.mx\/index.php\/wp-json\/wp\/v2\/posts\/40370\/revisions"}],"predecessor-version":[{"id":40372,"href":"https:\/\/nvnoticias.mx\/index.php\/wp-json\/wp\/v2\/posts\/40370\/revisions\/40372"}],"wp:featuredmedia":[{"embeddable":true,"href":"https:\/\/nvnoticias.mx\/index.php\/wp-json\/wp\/v2\/media\/40371"}],"wp:attachment":[{"href":"https:\/\/nvnoticias.mx\/index.php\/wp-json\/wp\/v2\/media?parent=40370"}],"wp:term":[{"taxonomy":"category","embeddable":true,"href":"https:\/\/nvnoticias.mx\/index.php\/wp-json\/wp\/v2\/categories?post=40370"},{"taxonomy":"post_tag","embeddable":true,"href":"https:\/\/nvnoticias.mx\/index.php\/wp-json\/wp\/v2\/tags?post=40370"}],"curies":[{"name":"wp","href":"https:\/\/api.w.org\/{rel}","templated":true}]}}