{"id":40362,"date":"2022-02-10T14:00:22","date_gmt":"2022-02-10T20:00:22","guid":{"rendered":"https:\/\/nvnoticias.mx\/?p=40362"},"modified":"2022-02-10T14:00:23","modified_gmt":"2022-02-10T20:00:23","slug":"banxico-sube-principal-tasa-de-interes-de-5-5-a-6","status":"publish","type":"post","link":"https:\/\/nvnoticias.mx\/index.php\/2022\/02\/10\/banxico-sube-principal-tasa-de-interes-de-5-5-a-6\/","title":{"rendered":"Banxico sube principal tasa de inter\u00e9s de 5.5% a 6%"},"content":{"rendered":"\n<p>La junta de gobierno del\u00a0Banco de M\u00e9xico\u00a0(Banxico) decidi\u00f3 por mayor\u00eda aumentar en\u00a050 puntos base la tasa de referencia, tal y como se esperaba.<br>\u00a0<br>La gobernadora,\u00a0Victoria Rodr\u00edguez\u00a0C<strong>e<\/strong>ja, fue una de las que vot\u00f3 a favor de subir en medio punto el costo del dinero, en su primera decisi\u00f3n de pol\u00edtica monetaria al frente del\u00a0Banco Central.<br>\u00a0<br>En tanto, el\u00a0voto disidente fue nuevamente del subgobernador, Gerardo Esqueviel, quien se pronunci\u00f3 por un ajuste de s\u00f3lo 25 puntos base.<br>\u00a0<br>Al mismo tiempo Banxico, revis\u00f3 al alza los pron\u00f3sticos de\u00a0inflaci\u00f3n general y\u00a0subyacente, especialmente para 2022 y el primer trimestre de 2023.<\/p>\n\n\n\n<p>Para su decisi\u00f3n, la Junta de Gobierno evalu\u00f3 la magnitud y diversidad de los choques que han afectado a la inflaci\u00f3n y sus determinantes, el riesgo de que se contaminen las expectativas de mediano y largo plazos y la formaci\u00f3n de precios.<\/p>\n\n\n\n<p>Tambi\u00e9n, los mayores retos ante el apretamiento de las\u00a0condiciones monetarias y financieras globales.<br>\u00a0<br>Con base en ello decidi\u00f3, en esta ocasi\u00f3n, incrementar en 50 puntos base el 1 objetivo para la Tasa de Inter\u00e9s Interbancaria a un d\u00eda a un nivel de 6.0%.<br>\u00a0<br>Afirm\u00f3 que con esta acci\u00f3n, la postura de pol\u00edtica monetaria se ajusta a la trayectoria que se requiere para que la inflaci\u00f3n converja a su meta de 3% dentro del horizonte de pron\u00f3stico.<\/p>\n\n\n\n<p>Fuente: El Universal <\/p>\n","protected":false},"excerpt":{"rendered":"<p>La junta de gobierno del\u00a0Banco de M\u00e9xico\u00a0(Banxico) decidi\u00f3 por mayor\u00eda aumentar en\u00a050 puntos base la tasa de referencia, tal y como se esperaba.\u00a0La gobernadora,\u00a0Victoria Rodr\u00edguez\u00a0Ceja, fue una de las que vot\u00f3 a favor de subir en medio punto el costo del dinero, en su primera decisi\u00f3n de pol\u00edtica monetaria al frente del\u00a0Banco Central.\u00a0En tanto, el\u00a0voto [&hellip;]<\/p>\n","protected":false},"author":8,"featured_media":10739,"comment_status":"open","ping_status":"open","sticky":false,"template":"","format":"standard","meta":{"_monsterinsights_skip_tracking":false,"_monsterinsights_sitenote_active":false,"_monsterinsights_sitenote_note":"","_monsterinsights_sitenote_category":0,"footnotes":""},"categories":[157],"tags":[2988,162,6328],"class_list":["post-40362","post","type-post","status-publish","format-standard","has-post-thumbnail","hentry","category-nacional","tag-banxico","tag-portada","tag-tasa-de-interes","wp-image-borders"],"amp_enabled":true,"_links":{"self":[{"href":"https:\/\/nvnoticias.mx\/index.php\/wp-json\/wp\/v2\/posts\/40362","targetHints":{"allow":["GET"]}}],"collection":[{"href":"https:\/\/nvnoticias.mx\/index.php\/wp-json\/wp\/v2\/posts"}],"about":[{"href":"https:\/\/nvnoticias.mx\/index.php\/wp-json\/wp\/v2\/types\/post"}],"author":[{"embeddable":true,"href":"https:\/\/nvnoticias.mx\/index.php\/wp-json\/wp\/v2\/users\/8"}],"replies":[{"embeddable":true,"href":"https:\/\/nvnoticias.mx\/index.php\/wp-json\/wp\/v2\/comments?post=40362"}],"version-history":[{"count":1,"href":"https:\/\/nvnoticias.mx\/index.php\/wp-json\/wp\/v2\/posts\/40362\/revisions"}],"predecessor-version":[{"id":40363,"href":"https:\/\/nvnoticias.mx\/index.php\/wp-json\/wp\/v2\/posts\/40362\/revisions\/40363"}],"wp:featuredmedia":[{"embeddable":true,"href":"https:\/\/nvnoticias.mx\/index.php\/wp-json\/wp\/v2\/media\/10739"}],"wp:attachment":[{"href":"https:\/\/nvnoticias.mx\/index.php\/wp-json\/wp\/v2\/media?parent=40362"}],"wp:term":[{"taxonomy":"category","embeddable":true,"href":"https:\/\/nvnoticias.mx\/index.php\/wp-json\/wp\/v2\/categories?post=40362"},{"taxonomy":"post_tag","embeddable":true,"href":"https:\/\/nvnoticias.mx\/index.php\/wp-json\/wp\/v2\/tags?post=40362"}],"curies":[{"name":"wp","href":"https:\/\/api.w.org\/{rel}","templated":true}]}}