{"id":40287,"date":"2022-02-10T11:18:48","date_gmt":"2022-02-10T17:18:48","guid":{"rendered":"https:\/\/nvnoticias.mx\/?p=40287"},"modified":"2022-02-10T11:18:49","modified_gmt":"2022-02-10T17:18:49","slug":"regresa-nuevo-leon-a-clases-presenciales-el-lunes-y-anuncian-alza-en-aforos","status":"publish","type":"post","link":"https:\/\/nvnoticias.mx\/index.php\/2022\/02\/10\/regresa-nuevo-leon-a-clases-presenciales-el-lunes-y-anuncian-alza-en-aforos\/","title":{"rendered":"Regresa Nuevo Le\u00f3n a clases presenciales el lunes y anuncian alza en aforos"},"content":{"rendered":"\n<p>Como adelant\u00f3 desde el martes el gobernador de Nuevo Le\u00f3n, Samuel Garc\u00eda Sep\u00falveda, hoy se hizo oficial en la entidad el regreso a las aulas en la educaci\u00f3n b\u00e1sica a partir del pr\u00f3ximo 14 de febrero.<\/p>\n\n\n\n<p>Tras presentar los resultados del sem\u00e1foro epidemiol\u00f3gico estatal, Alma Rosa Marroqu\u00edn Escamilla, secretaria de Salud estatal, fue la encargada de anunciar este retorno al esquema original de est\u00e1 administraci\u00f3n, de escuelas abiertas y el ni\u00f1o como prioridad. Adem\u00e1s, indic\u00f3 la funcionaria estatal, se aprob\u00f3 subir los aforos en la mayor\u00eda de los giros a un 60 por ciento.<\/p>\n\n\n\n<p> La decisi\u00f3n que se tom\u00f3 es de subir el aforo al 60 por ciento tanto en espacios cerrados como en espacios abiertos. &#8220;El 14 de febrero se regresa a las clases presenciales siempre y cuando las condiciones de infraestructura y de personal lo permitan&#8221;, precis\u00f3. <\/p>\n\n\n\n<p>Tras 3 indicadores en rojo, 1 en naranja, 3 en amarillo y 3 en verde, contin\u00faa el sem\u00e1foro estatal en naranja &#8220;pero con una importante tendencia a la baja&#8221;.<\/p>\n\n\n\n<blockquote class=\"wp-block-quote is-layout-flow wp-block-quote-is-layout-flow\"><p> &#8220;Es muy clara la evidencia, es contundente que los contagios van a la baja, este lunes 14 de febrero, regreso a clases&#8221;, agreg\u00f3 Samuel Garc\u00eda Sep\u00falveda. <\/p><\/blockquote>\n\n\n\n<p>Por su parte Sofialeticia Morales, secretaria de Educaci\u00f3n estatal, reiter\u00f3 que existen 86.68 por ciento de escuelas abiertas y que la meta es llegar el lunes a un 90 por ciento. Mientras que se tiene un registro de 85.43 por ciento de asistencia de maestros. <\/p>\n\n\n\n<blockquote class=\"wp-block-quote is-layout-flow wp-block-quote-is-layout-flow\"><p>&#8220;El 90 por ciento del personal cuenta con un esquema completo de vacunaci\u00f3n&#8221;, dijo. <\/p><\/blockquote>\n\n\n\n<p>Seg\u00fan la funcionaria estatal la escuela es el lugar m\u00e1s seguro para estar. <\/p>\n\n\n\n<blockquote class=\"wp-block-quote is-layout-flow wp-block-quote-is-layout-flow\"><p>&#8220;La verdadera pandemia es la perdida de los aprendizajes imprescindibles, 2 de cada 3 estudiantes evaluados no pueden comprender un texto simple&#8221;, lament\u00f3. <\/p><\/blockquote>\n\n\n\n<p>Samuel Garc\u00eda Sep\u00falveda agreg\u00f3 que el compromiso es llegar al 100 por ciento de la reactivaci\u00f3n econ\u00f3mica. &#8220;Se va a ampliar el aforo de todas las actividades de Nuevo Le\u00f3n al 60 por ciento.<\/p>\n\n\n\n<p> &#8220;Con el compromiso de subir a 70, a 80 y llegar al 100 por ciento de la reactivaci\u00f3n econ\u00f3mica&#8221;, dijo. Seg\u00fan el mandatario estatal existe un 5 por ciento de los planteles educativos con da\u00f1os estructurales. Por lo que, asegur\u00f3 est\u00e1n trabajando a marchas forzadas para solucionar los problemas. Mientras que al 30 por ciento de padres y madres de familia que en las encuestas mencionaron seguir con clases a distancia les pidi\u00f3 reflexionar y que ah\u00ed est\u00e1n las escuelas para atenderlos cuando as\u00ed lo decidan. &#8220;Sobre el caso espec\u00edfico de los padres de familia quiero decirles que entiendo perfectamente al 30 por ciento que est\u00e1n dudosos, aunque no tengo hijos los escucho y los entiendo, pero no puedo dejar al otro 70 sin clases. <\/p>\n\n\n\n<p>&#8220;A ese 30 por ciento que sigue teniendo dudas justificadas, adelante, estar\u00e1n las escuelas listas para cuando decidan regresar&#8221;&#8216;, precis\u00f3. <\/p>\n\n\n\n<p>El retraso educativo explic\u00f3 es al menos de dos a\u00f1os.<\/p>\n\n\n\n<p>Fuente: Milenio<\/p>\n","protected":false},"excerpt":{"rendered":"<p>Como adelant\u00f3 desde el martes el gobernador de Nuevo Le\u00f3n, Samuel Garc\u00eda Sep\u00falveda, hoy se hizo oficial en la entidad el regreso a las aulas en la educaci\u00f3n b\u00e1sica a partir del pr\u00f3ximo 14 de febrero. Tras presentar los resultados del sem\u00e1foro epidemiol\u00f3gico estatal, Alma Rosa Marroqu\u00edn Escamilla, secretaria de Salud estatal, fue la encargada [&hellip;]<\/p>\n","protected":false},"author":35,"featured_media":5750,"comment_status":"open","ping_status":"open","sticky":false,"template":"","format":"standard","meta":{"_monsterinsights_skip_tracking":false,"_monsterinsights_sitenote_active":false,"_monsterinsights_sitenote_note":"","_monsterinsights_sitenote_category":0,"footnotes":""},"categories":[157],"tags":[5601,7541,7925,1677,10108,1095],"class_list":["post-40287","post","type-post","status-publish","format-standard","has-post-thumbnail","hentry","category-nacional","tag-aforos","tag-alza","tag-anuncian","tag-clases-presenciales","tag-lunes","tag-nuevo-leon","wp-image-borders"],"amp_enabled":true,"_links":{"self":[{"href":"https:\/\/nvnoticias.mx\/index.php\/wp-json\/wp\/v2\/posts\/40287","targetHints":{"allow":["GET"]}}],"collection":[{"href":"https:\/\/nvnoticias.mx\/index.php\/wp-json\/wp\/v2\/posts"}],"about":[{"href":"https:\/\/nvnoticias.mx\/index.php\/wp-json\/wp\/v2\/types\/post"}],"author":[{"embeddable":true,"href":"https:\/\/nvnoticias.mx\/index.php\/wp-json\/wp\/v2\/users\/35"}],"replies":[{"embeddable":true,"href":"https:\/\/nvnoticias.mx\/index.php\/wp-json\/wp\/v2\/comments?post=40287"}],"version-history":[{"count":1,"href":"https:\/\/nvnoticias.mx\/index.php\/wp-json\/wp\/v2\/posts\/40287\/revisions"}],"predecessor-version":[{"id":40288,"href":"https:\/\/nvnoticias.mx\/index.php\/wp-json\/wp\/v2\/posts\/40287\/revisions\/40288"}],"wp:featuredmedia":[{"embeddable":true,"href":"https:\/\/nvnoticias.mx\/index.php\/wp-json\/wp\/v2\/media\/5750"}],"wp:attachment":[{"href":"https:\/\/nvnoticias.mx\/index.php\/wp-json\/wp\/v2\/media?parent=40287"}],"wp:term":[{"taxonomy":"category","embeddable":true,"href":"https:\/\/nvnoticias.mx\/index.php\/wp-json\/wp\/v2\/categories?post=40287"},{"taxonomy":"post_tag","embeddable":true,"href":"https:\/\/nvnoticias.mx\/index.php\/wp-json\/wp\/v2\/tags?post=40287"}],"curies":[{"name":"wp","href":"https:\/\/api.w.org\/{rel}","templated":true}]}}