{"id":4023,"date":"2021-02-09T17:11:37","date_gmt":"2021-02-09T23:11:37","guid":{"rendered":"https:\/\/nvnoticias.mx\/?p=4023"},"modified":"2021-02-09T17:11:38","modified_gmt":"2021-02-09T23:11:38","slug":"la-iniciativa-de-regular-las-redes-sociales-representa-un-nuevo-golpe-autoritario-por-parte-de-4t-dunyaska","status":"publish","type":"post","link":"https:\/\/nvnoticias.mx\/index.php\/2021\/02\/09\/la-iniciativa-de-regular-las-redes-sociales-representa-un-nuevo-golpe-autoritario-por-parte-de-4t-dunyaska\/","title":{"rendered":"&#8220;La iniciativa de regular las redes sociales representa un nuevo golpe autoritario por parte de 4T&#8221;: Dunyaska"},"content":{"rendered":"\n<p>La Diputada del PAN por el Distrito XII de Veracruz, <strong>Mariana Dunyaska Garc\u00eda Rojas<\/strong>, critic\u00f3 la iniciativa propuesta por el Senador <strong>Ricardo Monreal<\/strong>, quien busca, mediante el<strong> Instituto Federal de Telecomunicaciones<\/strong>, se regulen las operaciones de las redes sociales tales como <strong>Facebook<\/strong>, <strong>Twitter<\/strong> e <strong>Instagram<\/strong>.<\/p>\n\n\n\n<blockquote class=\"wp-block-quote is-layout-flow wp-block-quote-is-layout-flow\"><p><strong>\u201cEn primer<\/strong> <strong>lugar queda clara la incongruencia de Morena, quien hace unos meses consideraba eliminar organismos aut\u00f3nomos como el INAI y el mismo IFT, considerando excesivo el presupuesto destinado a la transparencia, pero ahora, bajo la iniciativa de Monreal, buscan aumentar en mil mdp el presupuesto en Telecomunicaciones para perseguir en redes sociales opositores y quienes denuncian los errores del Gobierno\u201d.<\/strong><\/p><\/blockquote>\n\n\n\n<blockquote class=\"wp-block-quote is-layout-flow wp-block-quote-is-layout-flow\"><p><strong>\u201cLa iniciativa del Legislador igualmente cae en un grave error, ya que considera al espectro radioel\u00e9ctrico como un insumo necesario para las redes sociales, lo cual es una falacia, ya que este es un insumo solo para los proveedores de internet. Lo que desea en realidad es obligar a los proveedores de internet a limitar el tr\u00e1fico de las plataformas que no le sean afines al Gobierno o que no se acomoden a sus indicaciones. Dicen combatir las FakeNews, cuando la Ma\u00f1anera y el Presidente son la principal fuente de desinformaci\u00f3n en el pa\u00eds, similar a lo que Donald Trump hizo d\u00eda con d\u00eda en Twitter\u201d.<\/strong><\/p><\/blockquote>\n\n\n\n<p>La diputada agreg\u00f3 que es un falso debate lo que plantea el senador al supuestamente proteger la libertad de expresi\u00f3n.<\/p>\n","protected":false},"excerpt":{"rendered":"<p>La Diputada del PAN por el Distrito XII de Veracruz, Mariana Dunyaska Garc\u00eda Rojas, critic\u00f3 la iniciativa propuesta por el Senador Ricardo Monreal, quien busca, mediante el Instituto Federal de Telecomunicaciones, se regulen las operaciones de las redes sociales tales como Facebook, Twitter e Instagram. \u201cEn primer lugar queda clara la incongruencia de Morena, quien [&hellip;]<\/p>\n","protected":false},"author":7,"featured_media":4032,"comment_status":"open","ping_status":"open","sticky":false,"template":"","format":"standard","meta":{"_monsterinsights_skip_tracking":false,"_monsterinsights_sitenote_active":false,"_monsterinsights_sitenote_note":"","_monsterinsights_sitenote_category":0,"footnotes":""},"categories":[158],"tags":[232,393,1177,715,600,231],"class_list":["post-4023","post","type-post","status-publish","format-standard","has-post-thumbnail","hentry","category-politica","tag-facebook","tag-instagram","tag-instituto-federal-de-telecomunicaciones","tag-mariana-dunyaska-garcia-rojas","tag-ricardo-monreal","tag-twitter","wp-image-borders"],"amp_enabled":true,"_links":{"self":[{"href":"https:\/\/nvnoticias.mx\/index.php\/wp-json\/wp\/v2\/posts\/4023","targetHints":{"allow":["GET"]}}],"collection":[{"href":"https:\/\/nvnoticias.mx\/index.php\/wp-json\/wp\/v2\/posts"}],"about":[{"href":"https:\/\/nvnoticias.mx\/index.php\/wp-json\/wp\/v2\/types\/post"}],"author":[{"embeddable":true,"href":"https:\/\/nvnoticias.mx\/index.php\/wp-json\/wp\/v2\/users\/7"}],"replies":[{"embeddable":true,"href":"https:\/\/nvnoticias.mx\/index.php\/wp-json\/wp\/v2\/comments?post=4023"}],"version-history":[{"count":1,"href":"https:\/\/nvnoticias.mx\/index.php\/wp-json\/wp\/v2\/posts\/4023\/revisions"}],"predecessor-version":[{"id":4033,"href":"https:\/\/nvnoticias.mx\/index.php\/wp-json\/wp\/v2\/posts\/4023\/revisions\/4033"}],"wp:featuredmedia":[{"embeddable":true,"href":"https:\/\/nvnoticias.mx\/index.php\/wp-json\/wp\/v2\/media\/4032"}],"wp:attachment":[{"href":"https:\/\/nvnoticias.mx\/index.php\/wp-json\/wp\/v2\/media?parent=4023"}],"wp:term":[{"taxonomy":"category","embeddable":true,"href":"https:\/\/nvnoticias.mx\/index.php\/wp-json\/wp\/v2\/categories?post=4023"},{"taxonomy":"post_tag","embeddable":true,"href":"https:\/\/nvnoticias.mx\/index.php\/wp-json\/wp\/v2\/tags?post=4023"}],"curies":[{"name":"wp","href":"https:\/\/api.w.org\/{rel}","templated":true}]}}