{"id":40229,"date":"2022-02-09T16:08:54","date_gmt":"2022-02-09T22:08:54","guid":{"rendered":"https:\/\/nvnoticias.mx\/?p=40229"},"modified":"2022-02-09T16:08:55","modified_gmt":"2022-02-09T22:08:55","slug":"hace-pete-davidson-oficial-su-relacion-con-kim-kardashian","status":"publish","type":"post","link":"https:\/\/nvnoticias.mx\/index.php\/2022\/02\/09\/hace-pete-davidson-oficial-su-relacion-con-kim-kardashian\/","title":{"rendered":"Hace Pete Davidson oficial su relaci\u00f3n con Kim Kardashian"},"content":{"rendered":"\n<p>\u00a0Pete Davidson\u00a0habl\u00f3 de su &#8220;novia&#8221; en la misma entrevista en la que supimos que tiene una vela con la cara de Kim Kardashian y esa fue la confirmaci\u00f3n oficial que el mundo necesitaba, al parecer.<\/p>\n\n\n\n<p>En una entrevista reciente, Kay Adams, de\u00a0&#8220;PEOPLE (The TV Show!)&#8221;, vio una vela con la imagen de Kardashian encima del tocador en la habitaci\u00f3n de Davidson.<\/p>\n\n\n\n<p>La pareja ha estado vinculada sentimentalmente desde el a\u00f1o pasado, pero ellos no han hablado mucho p\u00fablicamente sobre el estado de su relaci\u00f3n.<\/p>\n\n\n\n<p>Pero cuando se le pregunt\u00f3 acerca de ser famoso, Pete Davidson dijo: &#8220;No tengo Instagram ni Twitter ni nada de eso. Entonces, la mayor parte de mi vida diaria es subirme a autos y asistir a un set&#8221;.<\/p>\n\n\n\n<p>&#8220;O, si estoy de descanso, me quedo con mis amigos o me relajo con mi novia en interiores&#8221;, dijo. &#8220;As\u00ed que no hago mucho&#8221;.<\/p>\n\n\n\n<p>Vela de Kim Kardashian, referencia a una &#8220;novia&#8221;, haz las cuentas.<\/p>\n\n\n\n<p>La pareja ha sido vista p\u00fablicamente varias veces desde que se les vincul\u00f3 por primera vez en octubre y, por supuesto, ahora est\u00e1 el famoso beso que compartieron durante una parodia de &#8220;Saturday Night Live&#8221; cuando Kardashian era la presentadora.<\/p>\n\n\n\n<p>La magnate de los reality shows, que est\u00e1 en proceso de divorciarse de Kanye West, podr\u00eda tener un buen D\u00eda de San Valent\u00edn este a\u00f1o, ya que Davidson dijo, &#8220;este ser\u00eda el primer a\u00f1o que estoy pensando en planes para el D\u00eda de San Valent\u00edn&#8221;.<\/p>\n\n\n\n<p>&#8220;Es un gran d\u00eda, es otro Super Bowl&#8221;, dijo sobre el feriado que este a\u00f1o es el d\u00eda despu\u00e9s del Super Bowl. &#8220;Un Super Bowl para las damas&#8221;.<\/p>\n\n\n\n<p>Fuente: CNN<\/p>\n","protected":false},"excerpt":{"rendered":"<p>\u00a0Pete Davidson\u00a0habl\u00f3 de su &#8220;novia&#8221; en la misma entrevista en la que supimos que tiene una vela con la cara de Kim Kardashian y esa fue la confirmaci\u00f3n oficial que el mundo necesitaba, al parecer. En una entrevista reciente, Kay Adams, de\u00a0&#8220;PEOPLE (The TV Show!)&#8221;, vio una vela con la imagen de Kardashian encima del [&hellip;]<\/p>\n","protected":false},"author":35,"featured_media":31300,"comment_status":"open","ping_status":"open","sticky":false,"template":"","format":"standard","meta":{"_monsterinsights_skip_tracking":false,"_monsterinsights_sitenote_active":false,"_monsterinsights_sitenote_note":"","_monsterinsights_sitenote_category":0,"footnotes":""},"categories":[576],"tags":[7253,10076,7262,7446],"class_list":["post-40229","post","type-post","status-publish","format-standard","has-post-thumbnail","hentry","category-ocio","tag-kim-kardashian","tag-oficial","tag-pete-davidson","tag-relacion","wp-image-borders"],"amp_enabled":true,"_links":{"self":[{"href":"https:\/\/nvnoticias.mx\/index.php\/wp-json\/wp\/v2\/posts\/40229","targetHints":{"allow":["GET"]}}],"collection":[{"href":"https:\/\/nvnoticias.mx\/index.php\/wp-json\/wp\/v2\/posts"}],"about":[{"href":"https:\/\/nvnoticias.mx\/index.php\/wp-json\/wp\/v2\/types\/post"}],"author":[{"embeddable":true,"href":"https:\/\/nvnoticias.mx\/index.php\/wp-json\/wp\/v2\/users\/35"}],"replies":[{"embeddable":true,"href":"https:\/\/nvnoticias.mx\/index.php\/wp-json\/wp\/v2\/comments?post=40229"}],"version-history":[{"count":1,"href":"https:\/\/nvnoticias.mx\/index.php\/wp-json\/wp\/v2\/posts\/40229\/revisions"}],"predecessor-version":[{"id":40230,"href":"https:\/\/nvnoticias.mx\/index.php\/wp-json\/wp\/v2\/posts\/40229\/revisions\/40230"}],"wp:featuredmedia":[{"embeddable":true,"href":"https:\/\/nvnoticias.mx\/index.php\/wp-json\/wp\/v2\/media\/31300"}],"wp:attachment":[{"href":"https:\/\/nvnoticias.mx\/index.php\/wp-json\/wp\/v2\/media?parent=40229"}],"wp:term":[{"taxonomy":"category","embeddable":true,"href":"https:\/\/nvnoticias.mx\/index.php\/wp-json\/wp\/v2\/categories?post=40229"},{"taxonomy":"post_tag","embeddable":true,"href":"https:\/\/nvnoticias.mx\/index.php\/wp-json\/wp\/v2\/tags?post=40229"}],"curies":[{"name":"wp","href":"https:\/\/api.w.org\/{rel}","templated":true}]}}