{"id":40189,"date":"2022-02-09T14:09:19","date_gmt":"2022-02-09T20:09:19","guid":{"rendered":"https:\/\/nvnoticias.mx\/?p=40189"},"modified":"2022-02-09T14:09:20","modified_gmt":"2022-02-09T20:09:20","slug":"cancelan-timbre-homenaje-al-poeta-y-escritor-carlos-pellicer","status":"publish","type":"post","link":"https:\/\/nvnoticias.mx\/index.php\/2022\/02\/09\/cancelan-timbre-homenaje-al-poeta-y-escritor-carlos-pellicer\/","title":{"rendered":"Cancelan timbre \u2018Homenaje al Poeta y Escritor Carlos Pellicer\u2019"},"content":{"rendered":"\n<p><strong>Jes\u00fas Utrilla \/ NV Noticias<\/strong><\/p>\n\n\n\n<p>Se llev\u00f3 a cabo el evento de cancelaci\u00f3n del Primer D\u00eda de la Emisi\u00f3n de la Estampilla Postal \u201cHomenaje al Poeta y Escritor Carlos Pellicer\u201d.<\/p>\n\n\n\n<p>El evento se desarroll\u00f3 en las instalaciones de la Unidad de Servicios Bibliotecarios (USBI) de la Universidad Veracruzana.<\/p>\n\n\n\n<p>En ese marco la UV y Correos de M\u00e9xico refrendaron su compromiso social y de vinculaci\u00f3n con los diferentes sectores e instancias.<\/p>\n\n\n\n<p>Gilda Arteaga del Barrio, jefa de la Unidad Comercial de Veracruz del Servicio Postal Mexicano, se\u00f1al\u00f3 que el tama\u00f1o de la estampilla es de 73 x 30 mil\u00edmetros y su costo es de 7 pesos a nivel nacional.<\/p>\n\n\n\n<p>La plantilla consta de 27 estampillas. A nivel nacional el tiraje fue de 100 mil 08 estampillas de las cuales corresponden 2 mil 520 para Veracruz.<\/p>\n\n\n\n<p>Carlos Pellicer fue un poeta mexicano, considerado el de m\u00e1s amplio registro y mayor intensidad de la primera mitad del siglo XX.<\/p>\n\n\n\n<p>Tambi\u00e9n fue profesor de literatura y de historia en escuelas secundarias, as\u00ed como periodista y cr\u00edtico literario.<\/p>\n\n\n\n<p>Como promotor cultural, fue muse\u00f3grafo e impulsor de las artes pl\u00e1sticas, y en su faceta pol\u00edtica ejerci\u00f3 la diplomacia y fue senador de la Rep\u00fablica.<\/p>\n","protected":false},"excerpt":{"rendered":"<p>Jes\u00fas Utrilla \/ NV Noticias Se llev\u00f3 a cabo el evento de cancelaci\u00f3n del Primer D\u00eda de la Emisi\u00f3n de la Estampilla Postal \u201cHomenaje al Poeta y Escritor Carlos Pellicer\u201d. El evento se desarroll\u00f3 en las instalaciones de la Unidad de Servicios Bibliotecarios (USBI) de la Universidad Veracruzana. En ese marco la UV y Correos [&hellip;]<\/p>\n","protected":false},"author":8,"featured_media":40191,"comment_status":"open","ping_status":"open","sticky":false,"template":"","format":"standard","meta":{"_monsterinsights_skip_tracking":false,"_monsterinsights_sitenote_active":false,"_monsterinsights_sitenote_note":"","_monsterinsights_sitenote_category":0,"footnotes":""},"categories":[154],"tags":[8639,8656,10056,180],"class_list":["post-40189","post","type-post","status-publish","format-standard","has-post-thumbnail","hentry","category-veracruz","tag-carlos-pellicer","tag-timbre-postal","tag-usbi","tag-veracruz","wp-image-borders"],"amp_enabled":true,"_links":{"self":[{"href":"https:\/\/nvnoticias.mx\/index.php\/wp-json\/wp\/v2\/posts\/40189","targetHints":{"allow":["GET"]}}],"collection":[{"href":"https:\/\/nvnoticias.mx\/index.php\/wp-json\/wp\/v2\/posts"}],"about":[{"href":"https:\/\/nvnoticias.mx\/index.php\/wp-json\/wp\/v2\/types\/post"}],"author":[{"embeddable":true,"href":"https:\/\/nvnoticias.mx\/index.php\/wp-json\/wp\/v2\/users\/8"}],"replies":[{"embeddable":true,"href":"https:\/\/nvnoticias.mx\/index.php\/wp-json\/wp\/v2\/comments?post=40189"}],"version-history":[{"count":1,"href":"https:\/\/nvnoticias.mx\/index.php\/wp-json\/wp\/v2\/posts\/40189\/revisions"}],"predecessor-version":[{"id":40192,"href":"https:\/\/nvnoticias.mx\/index.php\/wp-json\/wp\/v2\/posts\/40189\/revisions\/40192"}],"wp:featuredmedia":[{"embeddable":true,"href":"https:\/\/nvnoticias.mx\/index.php\/wp-json\/wp\/v2\/media\/40191"}],"wp:attachment":[{"href":"https:\/\/nvnoticias.mx\/index.php\/wp-json\/wp\/v2\/media?parent=40189"}],"wp:term":[{"taxonomy":"category","embeddable":true,"href":"https:\/\/nvnoticias.mx\/index.php\/wp-json\/wp\/v2\/categories?post=40189"},{"taxonomy":"post_tag","embeddable":true,"href":"https:\/\/nvnoticias.mx\/index.php\/wp-json\/wp\/v2\/tags?post=40189"}],"curies":[{"name":"wp","href":"https:\/\/api.w.org\/{rel}","templated":true}]}}