{"id":40096,"date":"2022-02-09T09:55:37","date_gmt":"2022-02-09T15:55:37","guid":{"rendered":"https:\/\/nvnoticias.mx\/?p=40096"},"modified":"2022-02-09T09:55:38","modified_gmt":"2022-02-09T15:55:38","slug":"el-legado","status":"publish","type":"post","link":"https:\/\/nvnoticias.mx\/index.php\/2022\/02\/09\/el-legado\/","title":{"rendered":"El legado"},"content":{"rendered":"\n<p><strong>Ricardo Homs<\/strong><\/p>\n\n\n\n<p>No es lo mismo un testamento que el legado. El testamento es la voluntad de alguien que pretende dejar un legado o una herencia.<\/p>\n\n\n\n<p>Generalmente, a quien deja a otros sus propios bienes, -o sea, los de su propiedad-, la ley le protege para garantizar que sus deseos sean respetados.<\/p>\n\n\n\n<p>Sin embargo, un testamento pol\u00edtico no es mas que un mensaje que describe los deseos y expectativas de quien lo redacta. El\u00a0legado\u00a0que recibir\u00e1 el pa\u00eds como herencia de un r\u00e9gimen gubernamental no siempre corresponde a las intenciones del testamento de quien lo redact\u00f3, pues nadie puede decidir de forma definitiva por el futuro de lo que no le pertenece. Una naci\u00f3n no es propiedad de ning\u00fan presidente. El tiempo lo dir\u00e1\u2026 la realidad siempre se impone bajo las presiones del entorno y de las interpretaciones del resto de los ciudadanos.<\/p>\n\n\n\n<p>Es necesario entender que un presidente, -o cualquier gobernante-, s\u00f3lo es el administrador temporal de los bienes de la naci\u00f3n o de su comunidad. Sin embargo, -al final-, su gesti\u00f3n ser\u00e1 juzgada por la sociedad de forma inexorable.<br>En el legado del presidente\u00a0L\u00f3pez Obrador\u00a0estar\u00e1n sus tres obras cumbre, pero tambi\u00e9n sus da\u00f1os colaterales. La depredaci\u00f3n ambiental que forzosamente lleva la construcci\u00f3n del Tren Maya, as\u00ed como el encono e injusticias derivadas de las expropiaciones de terrenos que se realizar\u00e1n para introducir v\u00edas, adem\u00e1s, de una inversi\u00f3n estratosf\u00e9rica que no se recuperar\u00e1 jam\u00e1s, pues las utilidades de su operaci\u00f3n el presidente ya se las cedi\u00f3 al Ej\u00e9rcito.<\/p>\n\n\n\n<p>Otro legado ser\u00e1 la vulnerabilidad de la refiner\u00eda de\u00a0Dos Bocas, que siempre estar\u00e1 expuesta a las inclemencias climatol\u00f3gicas y ambientales, por su ubicaci\u00f3n geogr\u00e1fica. Simplemente las lluvias generadas por el frente fr\u00edo n\u00famero 21, -de mediados de enero pasado-, provocaron graves encharcamientos. En algunas zonas de esta obra en construcci\u00f3n el agua llegaba hasta las rodillas de los trabajadores.<\/p>\n\n\n\n<p>Este proyecto inici\u00f3 de modo inverso, pues en lugar de buscar la ubicaci\u00f3n geogr\u00e1fica que ofreciera las mejores condiciones, se parti\u00f3 del deseo de dotar a Tabasco de una gran refiner\u00eda.<\/p>\n\n\n\n<p>Adem\u00e1s, el haber sepultado bajo el agua al aeropuerto de Texcoco, -lo cual significa grandes p\u00e9rdidas econ\u00f3micas para el pa\u00eds, simplemente para evitar que otro gobierno pudiera rescatar este proyecto en el futuro-, es otro legado del actual presidente.<br>El aeropuerto de Texcoco podr\u00eda haber dado un gran impulso a la econom\u00eda de\u00a0M\u00e9xico\u00a0desde la perspectiva tur\u00edstica, as\u00ed como estimular el desarrollo del mercado log\u00edstico.<\/p>\n\n\n\n<p>A cambio, se edific\u00f3 un aeropuerto modesto como el\u00a0Felipe \u00c1ngeles, que lleva integrados en sus costos de construcci\u00f3n la cancelaci\u00f3n de la mega obra del aeropuerto de Texcoco.<\/p>\n\n\n\n<p>El legado de este gobierno no s\u00f3lo se compone de bienes materiales, -como son sus obras-, sino tambi\u00e9n los resultados intangibles de su gesti\u00f3n: en la econom\u00eda, en la salud, en la seguridad p\u00fablica, en la justicia y en la educaci\u00f3n, las cuales conforman las condicionantes que impactar\u00e1n la vida de los mexicanos durante los pr\u00f3ximos a\u00f1os.<\/p>\n\n\n\n<p>El perfil del legado de un presidente se deriva de su estilo personal de tomar decisiones y ejercer el poder.<\/p>\n\n\n\n<p>El ejercicio del poder absoluto, -como lo tiene este presidente-, tiene un efecto determinante en la psicolog\u00eda humana. Quien lo alcanza se vuelve adicto a \u00e9l y no entiende que lo recibe prestado, s\u00f3lo durante un periodo. Lo asume como indefinido, suponiendo que podr\u00e1 ampliarlo m\u00e1s all\u00e1 de su mandato dejando como sucesor a un incondicional. Sin embargo, se equivoca, pues quien lo hereda, -apenas se siente due\u00f1o de \u00e9l-, tambi\u00e9n termina siendo presa de la misma maldici\u00f3n y lo interpreta como propio.<\/p>\n\n\n\n<p>De este modo, si analizamos la historia de M\u00e9xico durante el periodo pri\u00edsta, iniciado con la fundaci\u00f3n del\u00a0PNR\u00a0en 1929, -partido antecesor del PRI-, descubriremos una larga secuencia de rompimientos entre presidentes fuertes y sus antecesores.<br>Hasta alguien tan visionario como Plutarco El\u00edas Calles se equivoc\u00f3 en su estrategia para seguir controlando el poder m\u00e1s all\u00e1 de su mandato constitucional.<\/p>\n\n\n\n<p>Durante el periodo de inestabilidad pol\u00edtica que se inici\u00f3 con el asesinato del presidente electo\u00a0\u00c1lvaro Obreg\u00f3n\u00a0en 1928 y la gesti\u00f3n temporal de tres presidentes que se sucedieron en el cargo, gobernando periodos cortos durante un mismo sexenio, Plutarco El\u00edas Calles ejerci\u00f3 una influencia pol\u00edtica determinante.<\/p>\n\n\n\n<p>En este contexto pol\u00edtico fue que un joven presidente de 39 a\u00f1os de edad llamado\u00a0L\u00e1zaro C\u00e1rdenas\u00a0rompi\u00f3 con el poderoso l\u00edder m\u00e1ximo de la revoluci\u00f3n, el expresidente Calles, y lo envi\u00f3 exiliado a Estados Unidos el 10 de abril de 1936, con lo cual puso fin al periodo denominado \u201cel maximato\u201d, que describe el modo en que el general Calles ejerci\u00f3 el poder durante la presidencia de sus tres d\u00e9biles sucesores.<\/p>\n\n\n\n<p>A partir de este hecho hist\u00f3rico se repiti\u00f3 esta conducta. Cuando un presidente fuerte quiso extender su influencia utilizando la supuesta lealtad de su heredero para mantener su poder durante el gobierno de su sucesor, surgi\u00f3 la pr\u00e1ctica del rompimiento entre ambos, como un modo de fortalecer el liderazgo del que hereda el poder.<\/p>\n\n\n\n<p>Es sabido que el presidente D\u00edaz Ordaz se sinti\u00f3 decepcionado por la actitud de su sucesor,\u00a0Lu\u00eds Echeverr\u00eda, quien hab\u00eda sido un d\u00f3cil secretario de gobernaci\u00f3n mientras este presidente poblano gobernaba y por ello lo impuls\u00f3 hacia la presidencia, seguramente esperando seguir teniendo una fuerte influencia pol\u00edtica en el pa\u00eds. Sin embargo, el presidente Echeverr\u00eda reivindic\u00f3 para s\u00ed el control absoluto del poder.<\/p>\n\n\n\n<p>La relaci\u00f3n entre el carism\u00e1tico presidente\u00a0Jos\u00e9 L\u00f3pez Portillo\u00a0y su amigo Lu\u00eds Echeverr\u00eda, -su antecesor-, se enfri\u00f3 cuando el primero decidi\u00f3 tomar para s\u00ed el control absoluto del poder presidencial.<\/p>\n\n\n\n<p>Carlos Salinas de Gortari no tuvo problema para ejercer el poder de modo unipersonal, teniendo como antecesor a un presidente totalmente institucional y respetuoso de las formas democr\u00e1ticas, como lo fue Miguel De La Madrid.<\/p>\n\n\n\n<p>Sin embargo, quien parec\u00eda ser un presidente d\u00e9bil al inicio de su gobierno, -Ernesto Zedillo-, no s\u00f3lo rompi\u00f3 con su antecesor, -Carlos Salinas-, sino que meti\u00f3 en la c\u00e1rcel a su hermano Ra\u00fal y tom\u00f3 el control absoluto.<\/p>\n\n\n\n<p>Durante la alternancia, periodo que va del a\u00f1o 2000 al 2018 el modelo presidencialista se desdibuj\u00f3 para dar paso a un perfil democr\u00e1tico con partidos de oposici\u00f3n fuertes.<\/p>\n\n\n\n<p>Parece ser que se nos olvida el impacto de los ciclos sexenales que vivi\u00f3\u00a0M\u00e9xico\u00a0durante m\u00e1s de sesenta a\u00f1os, que significaban un cambio de estilo de gobierno a partir del inicio de la era del presidente que llegaba a gobernar bajo sus personales reglas. Nuestra econom\u00eda resent\u00eda el impacto de estos ciclos.<\/p>\n\n\n\n<p>Sin embargo, hoy, ante el regreso del presidencialismo como forma de gobierno, en el cual el titular del ejecutivo acumula poder como ya no hab\u00eda sucedido durante lo que va de este siglo, surge mucha inquietud respecto al futuro. \u00bfQu\u00e9 tanto tiempo permanecer\u00e1 la 4T gobernando?<\/p>\n\n\n\n<p>Recurriendo a las ense\u00f1anzas que nos deja la historia reciente podremos decir que a\u00fan impulsando el presidente L\u00f3pez Obrador a su candidato, -con el apoyo de sus simpatizantes-, si este llegase a gobernar, se enfrentar\u00e1 a una disyuntiva: o deslindarse de su antecesor y de su proyecto, -la\u00a04T-, para asumir plenamente el poder que le confiere el cargo, o tener que reconocer que ser\u00e1 un presidente d\u00e9bil que tendr\u00e1 compartir el poder con la oposici\u00f3n, pues a\u00fan teniendo el respaldo de L\u00f3pez Obrador, este ya no tendr\u00e1 los medios para hacer pol\u00edtica como lo hace hoy, que utiliza a su conveniencia los recursos del Estado Mexicano. Para este presidente, que iniciar\u00e1 su sexenio en 2024, la consulta para revocaci\u00f3n de mandato posiblemente sea un verdadero dolor de cabeza.<\/p>\n\n\n\n<p>La gran diferencia entre M\u00e9xico y pa\u00edses como Venezuela, Cuba,\u00a0Nicaragua, Bolivia, entre otras naciones de Latinoam\u00e9rica con perfil autocr\u00e1tico y dictatorial, es que en M\u00e9xico no existe reelecci\u00f3n presidencial. El mismo presidente L\u00f3pez Obrador no podr\u00eda traicionar sus principios y valores pretendiendo derogar este principio b\u00e1sico de la identidad pol\u00edtica de nuestro pa\u00eds, como tampoco lo hicieron sus antecesores. Tendr\u00eda que conformarse con tener influencia pol\u00edtica dejando a un incondicional que durante seis a\u00f1os renuncie a ejercer plenamente el poder seg\u00fan su criterio, como lo define nuestra Constituci\u00f3n.<\/p>\n\n\n\n<p>Tambi\u00e9n tenemos que reconocer que la fuerza de este presidente reside en su carisma personal y que, aunque el poder se puede delegar o hasta heredar, el carisma es un atributo personal que no se puede endosar, pues cada quien debe desarrollarlo como traje a la medida.<\/p>\n\n\n\n<p>El problema para lograr nuevamente la alternancia partidista, -que ha sido uno de los grandes logros de nuestra democracia en lo que va de este siglo-, es que hoy los partidos de oposici\u00f3n se ven peque\u00f1os e incapaces de capitalizar el desgaste natural que impactar\u00e1 a\u00a0MORENA\u00a0apenas el presidente L\u00f3pez Obrador deje el cargo en 2024.<\/p>\n\n\n\n<p>En las \u00faltimas elecciones, del 2021, los partidos de oposici\u00f3n se vieron mezquinos acaparando para sus dirigentes las mejores candidaturas, en lugar de dar prioridad a los militantes m\u00e1s competitivos e incluso, abrir un porcentaje de esas posiciones para candidaturas externas.<\/p>\n\n\n\n<p>Podr\u00edamos concluir que en pol\u00edtica nada es para siempre, pues dentro de MORENA ya est\u00e1n los rompimientos por ambiciones personales.<\/p>\n\n\n\n<p>El futuro es una moneda al aire, en la que los testamentos pol\u00edticos son utop\u00edas.<\/p>\n\n\n\n<h4 class=\"wp-block-heading\">PRISAS Y RIESGOS<\/h4>\n\n\n\n<p>Es tal la prisa por terminar de construir el\u00a0Tren Maya\u00a0a fin de este sexenio, -para poder inaugurarlo como lo hac\u00edan los antecesores de nuestro presidente-, que se est\u00e1n cometiendo los mismos errores de la L\u00ednea 12 del Metro de la Ciudad de M\u00e9xico. Quienes toman las decisiones y quienes lo construyen no perciben los riesgos futuros a los que someten a esta obra.<\/p>\n\n\n\n<p>La L\u00ednea 12 del Metro de la Ciudad de M\u00e9xico fue inaugurada apresuradamente por el jefe de gobierno del Distrito Federal,\u00a0Marcelo Ebrard, a unos d\u00edas de terminar su mandato en 2012 y a poco tiempo de concluida se empezaron a descubrir vicios ocultos y errores de dise\u00f1o y construcci\u00f3n.<\/p>\n\n\n\n<p>La historia de la L\u00ednea 12 es de todos conocida.<\/p>\n\n\n\n<h4 class=\"wp-block-heading\">NUBARRONES EN LA DIPLOMACIA MEXICANA<\/h4>\n\n\n\n<p>El conflicto con Panam\u00e1 que inici\u00f3 por la solicitud de la canciller\u00eda de ese pa\u00eds solicitando a M\u00e9xico que no solicitase el benepl\u00e1cito para la designaci\u00f3n de Pedro Salmer\u00f3n como embajador en ese pa\u00eds centroamericano se complic\u00f3 por los comentarios desafortunados del presidente L\u00f3pez Obrador.<\/p>\n\n\n\n<p>\u00bfQui\u00e9n le podr\u00e1 decir que en los protocolos diplom\u00e1ticos existen valores entendidos que exigen discreci\u00f3n y cautela?<\/p>\n\n\n\n<p>Poco antes deton\u00f3 el diferendo con Espa\u00f1a por el retraso en otorgar el benepl\u00e1cito a la designaci\u00f3n de\u00a0Quirino Ordaz\u00a0Coppel como embajador en ese pa\u00eds, como respuesta a fallas en el protocolo, pues el procedimiento internacionalmente aceptado inicia con un sondeo informal de nuestra canciller\u00eda con el pa\u00eds anfitri\u00f3n, antes de formalizar la designaci\u00f3n por parte del pa\u00eds solicitante.<\/p>\n\n\n\n<p>Sin embargo, nuestro presidente prefiere exponer en la ma\u00f1anera sus planes antes que cumplir con los protocolos.<\/p>\n\n\n\n<p>Hoy exhibe a la canciller paname\u00f1a en la conferencia \u201cma\u00f1anera\u201d calific\u00e1ndola como la versi\u00f3n contempor\u00e1nea de la \u201csanta inquisici\u00f3n\u201d.<\/p>\n\n\n\n<p>Es urgente que los diplom\u00e1ticos de carrera se manifiesten expresando su opini\u00f3n, antes de que suceda alg\u00fan conflicto grave con alg\u00fan otro pa\u00eds.<\/p>\n\n\n\n<p>\u00bfA usted qu\u00e9 le parece?<\/p>\n\n\n\n<p><em>Facebook: @Ricardo.Homs1<br>Twitter: @homsricardo<br>Linkedin: Ricardo Homs<br><a href=\"http:\/\/www.ricardohoms.com\/\">www.ricardohoms.com<\/a><\/em><\/p>\n","protected":false},"excerpt":{"rendered":"<p>Ricardo Homs No es lo mismo un testamento que el legado. El testamento es la voluntad de alguien que pretende dejar un legado o una herencia. Generalmente, a quien deja a otros sus propios bienes, -o sea, los de su propiedad-, la ley le protege para garantizar que sus deseos sean respetados. Sin embargo, un [&hellip;]<\/p>\n","protected":false},"author":18,"featured_media":2090,"comment_status":"open","ping_status":"open","sticky":false,"template":"","format":"standard","meta":{"_monsterinsights_skip_tracking":false,"_monsterinsights_sitenote_active":false,"_monsterinsights_sitenote_note":"","_monsterinsights_sitenote_category":0,"footnotes":""},"categories":[246],"tags":[173],"class_list":["post-40096","post","type-post","status-publish","format-standard","has-post-thumbnail","hentry","category-ricardo-homs","tag-ricardo-homs","wp-image-borders"],"amp_enabled":true,"_links":{"self":[{"href":"https:\/\/nvnoticias.mx\/index.php\/wp-json\/wp\/v2\/posts\/40096","targetHints":{"allow":["GET"]}}],"collection":[{"href":"https:\/\/nvnoticias.mx\/index.php\/wp-json\/wp\/v2\/posts"}],"about":[{"href":"https:\/\/nvnoticias.mx\/index.php\/wp-json\/wp\/v2\/types\/post"}],"author":[{"embeddable":true,"href":"https:\/\/nvnoticias.mx\/index.php\/wp-json\/wp\/v2\/users\/18"}],"replies":[{"embeddable":true,"href":"https:\/\/nvnoticias.mx\/index.php\/wp-json\/wp\/v2\/comments?post=40096"}],"version-history":[{"count":1,"href":"https:\/\/nvnoticias.mx\/index.php\/wp-json\/wp\/v2\/posts\/40096\/revisions"}],"predecessor-version":[{"id":40097,"href":"https:\/\/nvnoticias.mx\/index.php\/wp-json\/wp\/v2\/posts\/40096\/revisions\/40097"}],"wp:featuredmedia":[{"embeddable":true,"href":"https:\/\/nvnoticias.mx\/index.php\/wp-json\/wp\/v2\/media\/2090"}],"wp:attachment":[{"href":"https:\/\/nvnoticias.mx\/index.php\/wp-json\/wp\/v2\/media?parent=40096"}],"wp:term":[{"taxonomy":"category","embeddable":true,"href":"https:\/\/nvnoticias.mx\/index.php\/wp-json\/wp\/v2\/categories?post=40096"},{"taxonomy":"post_tag","embeddable":true,"href":"https:\/\/nvnoticias.mx\/index.php\/wp-json\/wp\/v2\/tags?post=40096"}],"curies":[{"name":"wp","href":"https:\/\/api.w.org\/{rel}","templated":true}]}}