{"id":40019,"date":"2022-02-08T14:04:54","date_gmt":"2022-02-08T20:04:54","guid":{"rendered":"https:\/\/nvnoticias.mx\/?p=40019"},"modified":"2022-02-21T16:53:13","modified_gmt":"2022-02-21T22:53:13","slug":"ricardo-ahued-anuncia-medidas-para-reducir-contagios-de-covid","status":"publish","type":"post","link":"https:\/\/nvnoticias.mx\/index.php\/2022\/02\/08\/ricardo-ahued-anuncia-medidas-para-reducir-contagios-de-covid\/","title":{"rendered":"Ricardo Ahued anuncia medidas de control sanitarias en Xalapa"},"content":{"rendered":"\n<p><strong>Sam Ojeda \/ NV Noticias<\/strong><\/p>\n\n\n\n<p>Xalapa.- El presidente municipal de Xalapa, Ricardo Ahued Bardahuil, indic\u00f3 que se establecieron medidas de control sanitarias para mitigar el n\u00famero de contagios de Covid-19, tanto en las dependencias del Ayuntamiento como en espacios p\u00fablicos como mercados y tianguis.&nbsp;<\/p>\n\n\n\n<p>Lo anterior, luego de que Xalapa pas\u00f3 a color rojo dentro del Sem\u00e1foro Regional de Riesgo Epidemiol\u00f3gico, por lo que el alcalde&nbsp; exhort\u00f3 a la poblaci\u00f3n a extremar las acciones de prevenci\u00f3n, que se acompa\u00f1an de las estrategias de control sanitario establecidas por el sector salud y las autoridades.<\/p>\n\n\n\n<p>Dijo que como consecuencia del incremento en los contagios, se restringir\u00e1 el aforo en algunos espacios, as\u00ed como en las audiencias p\u00fablicas de atenci\u00f3n que se celebran en Palacio Municipal.<\/p>\n\n\n\n<p>En el caso de los mercados y tianguis dijo que se est\u00e1n tomando medidas con los dirigentes de estos espacios p\u00fablicos para que se use adecuadamente el cubrebocas y dispongan de gel antibacterial.<\/p>\n\n\n\n<p>Destac\u00f3 que ya se tuvieron algunas reuniones de trabajo con ellos y est\u00e1n aceptando aplicar las protocolos necesarios y actuando con prudencia para no exponer a la gente.<\/p>\n\n\n\n<p>Detall\u00f3 que se continuar\u00e1 con las acciones de orientaci\u00f3n y di\u00e1logo con el sector comercial para reforzar las medidas m\u00e1s all\u00e1 de que la poblaci\u00f3n en Xalapa se caracterizado por cumplir con los protocolos.<\/p>\n\n\n\n<blockquote class=\"wp-block-quote is-layout-flow wp-block-quote-is-layout-flow\"><p>\u201c<em>Pero as\u00ed est\u00e1n las condiciones en todo el pa\u00eds, se llevar\u00e1n a cabo las acciones adecuadas para que la gente no se vea m\u00e1s afectada<\/em>\u201d.<\/p><\/blockquote>\n","protected":false},"excerpt":{"rendered":"<p>Sam Ojeda \/ NV Noticias Xalapa.- El presidente municipal de Xalapa, Ricardo Ahued Bardahuil, indic\u00f3 que se establecieron medidas de control sanitarias para mitigar el n\u00famero de contagios de Covid-19, tanto en las dependencias del Ayuntamiento como en espacios p\u00fablicos como mercados y tianguis.&nbsp; Lo anterior, luego de que Xalapa pas\u00f3 a color rojo dentro [&hellip;]<\/p>\n","protected":false},"author":8,"featured_media":13820,"comment_status":"open","ping_status":"open","sticky":false,"template":"","format":"standard","meta":{"_monsterinsights_skip_tracking":false,"_monsterinsights_sitenote_active":false,"_monsterinsights_sitenote_note":"","_monsterinsights_sitenote_category":0,"footnotes":""},"categories":[156],"tags":[175,493,1086],"class_list":["post-40019","post","type-post","status-publish","format-standard","has-post-thumbnail","hentry","category-estado","tag-covid-19","tag-medidas-sanitarias","tag-ricardo-ahued","wp-image-borders"],"amp_enabled":true,"_links":{"self":[{"href":"https:\/\/nvnoticias.mx\/index.php\/wp-json\/wp\/v2\/posts\/40019","targetHints":{"allow":["GET"]}}],"collection":[{"href":"https:\/\/nvnoticias.mx\/index.php\/wp-json\/wp\/v2\/posts"}],"about":[{"href":"https:\/\/nvnoticias.mx\/index.php\/wp-json\/wp\/v2\/types\/post"}],"author":[{"embeddable":true,"href":"https:\/\/nvnoticias.mx\/index.php\/wp-json\/wp\/v2\/users\/8"}],"replies":[{"embeddable":true,"href":"https:\/\/nvnoticias.mx\/index.php\/wp-json\/wp\/v2\/comments?post=40019"}],"version-history":[{"count":4,"href":"https:\/\/nvnoticias.mx\/index.php\/wp-json\/wp\/v2\/posts\/40019\/revisions"}],"predecessor-version":[{"id":41816,"href":"https:\/\/nvnoticias.mx\/index.php\/wp-json\/wp\/v2\/posts\/40019\/revisions\/41816"}],"wp:featuredmedia":[{"embeddable":true,"href":"https:\/\/nvnoticias.mx\/index.php\/wp-json\/wp\/v2\/media\/13820"}],"wp:attachment":[{"href":"https:\/\/nvnoticias.mx\/index.php\/wp-json\/wp\/v2\/media?parent=40019"}],"wp:term":[{"taxonomy":"category","embeddable":true,"href":"https:\/\/nvnoticias.mx\/index.php\/wp-json\/wp\/v2\/categories?post=40019"},{"taxonomy":"post_tag","embeddable":true,"href":"https:\/\/nvnoticias.mx\/index.php\/wp-json\/wp\/v2\/tags?post=40019"}],"curies":[{"name":"wp","href":"https:\/\/api.w.org\/{rel}","templated":true}]}}