{"id":39935,"date":"2022-02-08T09:33:34","date_gmt":"2022-02-08T15:33:34","guid":{"rendered":"https:\/\/nvnoticias.mx\/?p=39935"},"modified":"2022-02-08T09:33:35","modified_gmt":"2022-02-08T15:33:35","slug":"niega-gatell-experimento-en-la-cdmx","status":"publish","type":"post","link":"https:\/\/nvnoticias.mx\/index.php\/2022\/02\/08\/niega-gatell-experimento-en-la-cdmx\/","title":{"rendered":"Niega Gatell experimento en la CDMX"},"content":{"rendered":"\n<p>Frente al debate que ha surgido a ra\u00edz de la administraci\u00f3n de\u00a0ivermectina\u00a0a pacientes con Covid-19 de la Ciudad de M\u00e9xico, el subsecretario de Prevenci\u00f3n y Promoci\u00f3n de la Salud,\u00a0Hugo L\u00f3pez-Gatell, se\u00f1al\u00f3 que no se trat\u00f3 de un experimento pues \u00e9sta tiene m\u00e1s de 50 a\u00f1os de existencia y se ha utilizado para diferentes campa\u00f1as de salud en el mundo.<\/p>\n\n\n\n<p>Durante la conferencia ma\u00f1anera del presidente Andr\u00e9s Manuel L\u00f3pez Obrador, el subsecretario defendi\u00f3 el que la entidad gobernada por Claudia Sheinbaum haya recurrido a la ivermectina para tratar a la poblaci\u00f3n contagiada de\u00a0Covid-19\u00a0y se mostr\u00f3 extra\u00f1ado de que diversos medios de comunicaci\u00f3n as\u00ed lo refieran aun cuando las autoridades capitalinas ya lo negaron.\u00a0<\/p>\n\n\n\n<p>&#8220;No hubo ning\u00fan experimento como se\u00f1alan muchos medios de informaci\u00f3n, nos llama la atenci\u00f3n este persistente uso de una verdad distorsionada se\u00f1alando que la Ciudad de M\u00e9xico haya dirigido un experimento sin el consentimiento de las personas&#8221;, acus\u00f3.\u00a0<\/p>\n\n\n\n<p>Record\u00f3 que la Secretar\u00eda de Salud, en agosto de 2021, emiti\u00f3 una recomendaci\u00f3n en la que se ped\u00eda no administrar este medicamento a los pacientes con Covid, instrucci\u00f3n que acat\u00f3 la capital &#8220;a los pocos d\u00edas&#8221;.<\/p>\n\n\n\n<p>\u00a0&#8220;En agosto de 2021 fue la primera vez que recomendamos expl\u00edcitamente no utilizar ivermectina porque en ese momento ya hab\u00eda un cumulo importante de evicencia cient\u00edfica a nivel mundial que permit\u00eda identificar que no hab\u00eda muestras de utilidad suficiente.\u00a0&#8220;(&#8230;) Desde deptiembre de 2021, es decir, a los pocos d\u00edas de que apareci\u00f3 nuestra gu\u00eda cl\u00ednica federal donde establecimos que no recomend\u00e1bamos el uso, consistentemente la Ciudad de M\u00e9xico tambi\u00e9n dej\u00f3 de utilizarla&#8221;.<\/p>\n\n\n\n<p>Fuente: El universal <\/p>\n","protected":false},"excerpt":{"rendered":"<p>Frente al debate que ha surgido a ra\u00edz de la administraci\u00f3n de\u00a0ivermectina\u00a0a pacientes con Covid-19 de la Ciudad de M\u00e9xico, el subsecretario de Prevenci\u00f3n y Promoci\u00f3n de la Salud,\u00a0Hugo L\u00f3pez-Gatell, se\u00f1al\u00f3 que no se trat\u00f3 de un experimento pues \u00e9sta tiene m\u00e1s de 50 a\u00f1os de existencia y se ha utilizado para diferentes campa\u00f1as de [&hellip;]<\/p>\n","protected":false},"author":35,"featured_media":22400,"comment_status":"open","ping_status":"open","sticky":false,"template":"","format":"standard","meta":{"_monsterinsights_skip_tracking":false,"_monsterinsights_sitenote_active":false,"_monsterinsights_sitenote_note":"","_monsterinsights_sitenote_category":0,"footnotes":""},"categories":[157],"tags":[307,9968,1010,7927,162],"class_list":["post-39935","post","type-post","status-publish","format-standard","has-post-thumbnail","hentry","category-nacional","tag-cdmx","tag-experimento","tag-hugo-lopez-gatell","tag-niega","tag-portada","wp-image-borders"],"amp_enabled":true,"_links":{"self":[{"href":"https:\/\/nvnoticias.mx\/index.php\/wp-json\/wp\/v2\/posts\/39935","targetHints":{"allow":["GET"]}}],"collection":[{"href":"https:\/\/nvnoticias.mx\/index.php\/wp-json\/wp\/v2\/posts"}],"about":[{"href":"https:\/\/nvnoticias.mx\/index.php\/wp-json\/wp\/v2\/types\/post"}],"author":[{"embeddable":true,"href":"https:\/\/nvnoticias.mx\/index.php\/wp-json\/wp\/v2\/users\/35"}],"replies":[{"embeddable":true,"href":"https:\/\/nvnoticias.mx\/index.php\/wp-json\/wp\/v2\/comments?post=39935"}],"version-history":[{"count":3,"href":"https:\/\/nvnoticias.mx\/index.php\/wp-json\/wp\/v2\/posts\/39935\/revisions"}],"predecessor-version":[{"id":39938,"href":"https:\/\/nvnoticias.mx\/index.php\/wp-json\/wp\/v2\/posts\/39935\/revisions\/39938"}],"wp:featuredmedia":[{"embeddable":true,"href":"https:\/\/nvnoticias.mx\/index.php\/wp-json\/wp\/v2\/media\/22400"}],"wp:attachment":[{"href":"https:\/\/nvnoticias.mx\/index.php\/wp-json\/wp\/v2\/media?parent=39935"}],"wp:term":[{"taxonomy":"category","embeddable":true,"href":"https:\/\/nvnoticias.mx\/index.php\/wp-json\/wp\/v2\/categories?post=39935"},{"taxonomy":"post_tag","embeddable":true,"href":"https:\/\/nvnoticias.mx\/index.php\/wp-json\/wp\/v2\/tags?post=39935"}],"curies":[{"name":"wp","href":"https:\/\/api.w.org\/{rel}","templated":true}]}}