{"id":39694,"date":"2022-02-05T12:54:32","date_gmt":"2022-02-05T18:54:32","guid":{"rendered":"https:\/\/nvnoticias.mx\/?p=39694"},"modified":"2022-02-05T12:54:33","modified_gmt":"2022-02-05T18:54:33","slug":"mexico-vive-recesion-tecnica-advierte-diputado-federal-pepe-yunes","status":"publish","type":"post","link":"https:\/\/nvnoticias.mx\/index.php\/2022\/02\/05\/mexico-vive-recesion-tecnica-advierte-diputado-federal-pepe-yunes\/","title":{"rendered":"M\u00e9xico vive recesi\u00f3n t\u00e9cnica, advierte diputado federal Pepe Yunes"},"content":{"rendered":"\n<p><strong>Sam Ojeda\u00a0| NV Noticias<\/strong><\/p>\n\n\n\n<p>Xalapa.- El diputado federal Jos\u00e9 Yunes Zorrilla asegur\u00f3 que M\u00e9xico est\u00e1 viviendo una recesi\u00f3n t\u00e9cnica debido a que enfrenta dos bimestres consecutivos con tendencia a la baja.<\/p>\n\n\n\n<p>\u00a0Entrevistado durante el anuncio de la creaci\u00f3n del Movimiento por la Justicia en plaza Lerdo, dijo que es preocupante porque adem\u00e1s hay una tasa de inflaci\u00f3n que va en aumento.\u00a0<\/p>\n\n\n\n<p>\u201cEstamos t\u00e9cnicamente en recesi\u00f3n, cuando dos bimestres consecutivos marcan tendencia a la baja t\u00e9cnicamente es recesi\u00f3n. Evidentemente habr\u00e1 que sujetarlo a otros eventos y otras reacciones. Es un escenario complicado, que es el crecimiento inflacionario, en este \u00e1nimo, el \u00e1mbito macroecon\u00f3mico est\u00e1 generando condiciones relevantes\u201d.<\/p>\n\n\n\n<p>Dijo que las tasas de inflaci\u00f3n sostenidas atentan contra el poder adquisitivo de quienes tienen un ingreso peri\u00f3dico y que esto significa que con lo que ganan cada van a ir comprando cada vez menos. \u00a0<\/p>\n\n\n\n<p>\u201cHay una apreciaci\u00f3n del d\u00f3lar y eso genera resortes y presiones inflacionarias\u201d, advirti\u00f3.<\/p>\n\n\n\n<p>\u00a0Por ello, asegur\u00f3 que la econom\u00eda no viene bien, y que puede ser hasta in\u00fatil si es o no recesi\u00f3n, pero es un hecho que aumenta la inflaci\u00f3n, la econom\u00eda no crece y se pierden empleos.<\/p>\n\n\n\n<p><\/p>\n","protected":false},"excerpt":{"rendered":"<p>Sam Ojeda\u00a0| NV Noticias Xalapa.- El diputado federal Jos\u00e9 Yunes Zorrilla asegur\u00f3 que M\u00e9xico est\u00e1 viviendo una recesi\u00f3n t\u00e9cnica debido a que enfrenta dos bimestres consecutivos con tendencia a la baja. \u00a0Entrevistado durante el anuncio de la creaci\u00f3n del Movimiento por la Justicia en plaza Lerdo, dijo que es preocupante porque adem\u00e1s hay una tasa [&hellip;]<\/p>\n","protected":false},"author":35,"featured_media":8426,"comment_status":"open","ping_status":"open","sticky":false,"template":"","format":"standard","meta":{"_monsterinsights_skip_tracking":false,"_monsterinsights_sitenote_active":false,"_monsterinsights_sitenote_note":"","_monsterinsights_sitenote_category":0,"footnotes":""},"categories":[156],"tags":[9204,2407,292,9876,9875,9073],"class_list":["post-39694","post","type-post","status-publish","format-standard","has-post-thumbnail","hentry","category-estado","tag-advierte","tag-diputado-federal","tag-mexico","tag-pepe-junes","tag-recesion-tecnica","tag-vive","wp-image-borders"],"amp_enabled":true,"_links":{"self":[{"href":"https:\/\/nvnoticias.mx\/index.php\/wp-json\/wp\/v2\/posts\/39694","targetHints":{"allow":["GET"]}}],"collection":[{"href":"https:\/\/nvnoticias.mx\/index.php\/wp-json\/wp\/v2\/posts"}],"about":[{"href":"https:\/\/nvnoticias.mx\/index.php\/wp-json\/wp\/v2\/types\/post"}],"author":[{"embeddable":true,"href":"https:\/\/nvnoticias.mx\/index.php\/wp-json\/wp\/v2\/users\/35"}],"replies":[{"embeddable":true,"href":"https:\/\/nvnoticias.mx\/index.php\/wp-json\/wp\/v2\/comments?post=39694"}],"version-history":[{"count":1,"href":"https:\/\/nvnoticias.mx\/index.php\/wp-json\/wp\/v2\/posts\/39694\/revisions"}],"predecessor-version":[{"id":39695,"href":"https:\/\/nvnoticias.mx\/index.php\/wp-json\/wp\/v2\/posts\/39694\/revisions\/39695"}],"wp:featuredmedia":[{"embeddable":true,"href":"https:\/\/nvnoticias.mx\/index.php\/wp-json\/wp\/v2\/media\/8426"}],"wp:attachment":[{"href":"https:\/\/nvnoticias.mx\/index.php\/wp-json\/wp\/v2\/media?parent=39694"}],"wp:term":[{"taxonomy":"category","embeddable":true,"href":"https:\/\/nvnoticias.mx\/index.php\/wp-json\/wp\/v2\/categories?post=39694"},{"taxonomy":"post_tag","embeddable":true,"href":"https:\/\/nvnoticias.mx\/index.php\/wp-json\/wp\/v2\/tags?post=39694"}],"curies":[{"name":"wp","href":"https:\/\/api.w.org\/{rel}","templated":true}]}}