{"id":39613,"date":"2022-02-04T16:37:40","date_gmt":"2022-02-04T22:37:40","guid":{"rendered":"https:\/\/nvnoticias.mx\/?p=39613"},"modified":"2022-02-04T16:37:41","modified_gmt":"2022-02-04T22:37:41","slug":"barda-colapsa-en-guarderia-del-imss","status":"publish","type":"post","link":"https:\/\/nvnoticias.mx\/index.php\/2022\/02\/04\/barda-colapsa-en-guarderia-del-imss\/","title":{"rendered":"Barda colapsa en guarder\u00eda del IMSS"},"content":{"rendered":"\n<p>Una barda de la guarder\u00eda &#8220;Estrella de Mar&#8221; del Instituto Mexicano del Seguro Social (IMSS) colaps\u00f3 ayer en el municipio de Tepic, Nayarit. El accidente dej\u00f3 a una maestra y al menos siete menores heridos, inform\u00f3 la Secretar\u00eda de Seguridad P\u00fablica del estado.\u00a0 <\/p>\n\n\n\n<p>De acuerdo con las autoridades, la barda colaps\u00f3 el jueves a las 14:00 horas y se report\u00f3 el caso al n\u00famero de emergencias, por ello, se brind\u00f3 apoyo en la guarder\u00eda, ubicada en el fraccionamiento Las Brisas. <\/p>\n\n\n\n<p>Reportes preliminares de Protecci\u00f3n Civil indicaron que, derivado de trabajos de construcci\u00f3n en un terreno contiguo, la barda colaps\u00f3 y provoc\u00f3\u00a0da\u00f1os a los menores de edad.<\/p>\n\n\n\n<p>El gobierno del estado inform\u00f3 que los menores fueron trasladados a la cl\u00ednica del IMSS n\u00famero 1 de Tepic, donde recibieron atenci\u00f3n m\u00e9dica y se descart\u00f3 que alguno sufriera da\u00f1os mayores. <\/p>\n\n\n\n<p>Elementos de Seguridad Estatal y Protecci\u00f3n Civil resguardaron el lugar e iniciaron con los peritajes para determinar las causas del colapso.<\/p>\n\n\n\n<p>El delegado del Seguro Social, Jorge Mart\u00ednez, inform\u00f3 que\u00a057 menores de edad\u00a0se encontraban en la guarder\u00eda al momento del colapso y que, momentos despu\u00e9s, fueron entregados\u00a0a sus familiares.<\/p>\n\n\n\n<p>Por su parte, el gobernador del estado, Miguel \u00c1ngel Navarro, adelant\u00f3 que se fincar\u00e1n responsabilidades a quien resulte responsable de este accidente.<\/p>\n\n\n\n<p>Las investigaciones contin\u00faan y la guarder\u00eda se encuentra resguardada por elementos de la polic\u00eda estatal para evitar mayores accidentes. En tanto, dos personas est\u00e1n detenidas:\u00a0el perito y el ingeniero de la obra contigua, a fin de deslindar responsabilidades. <\/p>\n\n\n\n<p>Asimismo se iniciaron revisiones en todas las guarder\u00edas del estado a fin de acreditar y certificar que cumplen con las medidas de seguridad necesarias. <\/p>\n\n\n\n<p>La investigaci\u00f3n abarcar\u00e1 desde la persona que autoriz\u00f3 el permiso para construir, siendo que est\u00e1 prohibido edificar al lado de una guarder\u00eda, y si se ten\u00edan denuncias de estos hechos, como aseguran los habitantes de la zona.<\/p>\n\n\n\n<p>Fuente: Milenio <\/p>\n","protected":false},"excerpt":{"rendered":"<p>Una barda de la guarder\u00eda &#8220;Estrella de Mar&#8221; del Instituto Mexicano del Seguro Social (IMSS) colaps\u00f3 ayer en el municipio de Tepic, Nayarit. El accidente dej\u00f3 a una maestra y al menos siete menores heridos, inform\u00f3 la Secretar\u00eda de Seguridad P\u00fablica del estado.\u00a0 De acuerdo con las autoridades, la barda colaps\u00f3 el jueves a las [&hellip;]<\/p>\n","protected":false},"author":8,"featured_media":39615,"comment_status":"open","ping_status":"open","sticky":false,"template":"","format":"standard","meta":{"_monsterinsights_skip_tracking":false,"_monsterinsights_sitenote_active":false,"_monsterinsights_sitenote_note":"","_monsterinsights_sitenote_category":0,"footnotes":""},"categories":[157],"tags":[9843,365,469],"class_list":["post-39613","post","type-post","status-publish","format-standard","has-post-thumbnail","hentry","category-nacional","tag-guarderia","tag-imss","tag-nayarit","wp-image-borders"],"amp_enabled":true,"_links":{"self":[{"href":"https:\/\/nvnoticias.mx\/index.php\/wp-json\/wp\/v2\/posts\/39613","targetHints":{"allow":["GET"]}}],"collection":[{"href":"https:\/\/nvnoticias.mx\/index.php\/wp-json\/wp\/v2\/posts"}],"about":[{"href":"https:\/\/nvnoticias.mx\/index.php\/wp-json\/wp\/v2\/types\/post"}],"author":[{"embeddable":true,"href":"https:\/\/nvnoticias.mx\/index.php\/wp-json\/wp\/v2\/users\/8"}],"replies":[{"embeddable":true,"href":"https:\/\/nvnoticias.mx\/index.php\/wp-json\/wp\/v2\/comments?post=39613"}],"version-history":[{"count":1,"href":"https:\/\/nvnoticias.mx\/index.php\/wp-json\/wp\/v2\/posts\/39613\/revisions"}],"predecessor-version":[{"id":39616,"href":"https:\/\/nvnoticias.mx\/index.php\/wp-json\/wp\/v2\/posts\/39613\/revisions\/39616"}],"wp:featuredmedia":[{"embeddable":true,"href":"https:\/\/nvnoticias.mx\/index.php\/wp-json\/wp\/v2\/media\/39615"}],"wp:attachment":[{"href":"https:\/\/nvnoticias.mx\/index.php\/wp-json\/wp\/v2\/media?parent=39613"}],"wp:term":[{"taxonomy":"category","embeddable":true,"href":"https:\/\/nvnoticias.mx\/index.php\/wp-json\/wp\/v2\/categories?post=39613"},{"taxonomy":"post_tag","embeddable":true,"href":"https:\/\/nvnoticias.mx\/index.php\/wp-json\/wp\/v2\/tags?post=39613"}],"curies":[{"name":"wp","href":"https:\/\/api.w.org\/{rel}","templated":true}]}}