{"id":39551,"date":"2022-02-04T13:07:41","date_gmt":"2022-02-04T19:07:41","guid":{"rendered":"https:\/\/nvnoticias.mx\/?p=39551"},"modified":"2022-02-04T13:07:42","modified_gmt":"2022-02-04T19:07:42","slug":"en-veracruz-frente-frio-tira-cables-de-energia-electrica-y-afecto-semaforos","status":"publish","type":"post","link":"https:\/\/nvnoticias.mx\/index.php\/2022\/02\/04\/en-veracruz-frente-frio-tira-cables-de-energia-electrica-y-afecto-semaforos\/","title":{"rendered":"En Veracruz, frente fr\u00edo tira cables de energ\u00eda el\u00e9ctrica y afect\u00f3 sem\u00e1foros"},"content":{"rendered":"\n<p><strong>Jes\u00fas Utrilla \/ NV Noticias<\/strong><\/p>\n\n\n\n<p>Los efectos del frente fr\u00edo n\u00famero 28 ser\u00e1n prolongados, en la zona conurbada Veracruz -Boca Del R\u00edo, el viento se mantendr\u00e1 hasta el s\u00e1bado por la tarde-noche, decrecer\u00e1 el domingo e intensificar\u00e1 el lunes.<\/p>\n\n\n\n<p>La Direcci\u00f3n de Protecci\u00f3n Civil de Veracruz recibi\u00f3 tres llamadas por desprendimiento de cables de energ\u00eda el\u00e9ctrica, dos sem\u00e1foros sufrieron afectaci\u00f3n, un \u00e1rbol se cay\u00f3 y hubo un desprendimiento de l\u00e1mina.<\/p>\n\n\n\n<p>Alfonso Garc\u00eda Cardona, director de la dependencia municipal, se\u00f1al\u00f3 que las playas se mantienen com bandera roja para indicar que no hay condiciones seguras para introducirse al mar.<\/p>\n\n\n\n<p>Los guardavidas se mantendr\u00e1n en la zona para prevenir alg\u00fan incidente. La gente podr\u00e1 permanecer en la zona de arena sin ingresar al mar.<\/p>\n\n\n\n<blockquote class=\"wp-block-quote is-layout-flow wp-block-quote-is-layout-flow\"><p>\u201c<em>Las playas tienen bandera roja, a mi no me gusta usar el t\u00e9rmino cerrada pero hay bandera roja en las torres<\/em>\u201d.<\/p><\/blockquote>\n\n\n\n<p>Exhort\u00f3 a la poblaci\u00f3n a mantenerse atenta de los boletines oficiales y del entorno para reportar cualquier eventualidad de manera inmediata.<\/p>\n","protected":false},"excerpt":{"rendered":"<p>Jes\u00fas Utrilla \/ NV Noticias Los efectos del frente fr\u00edo n\u00famero 28 ser\u00e1n prolongados, en la zona conurbada Veracruz -Boca Del R\u00edo, el viento se mantendr\u00e1 hasta el s\u00e1bado por la tarde-noche, decrecer\u00e1 el domingo e intensificar\u00e1 el lunes. La Direcci\u00f3n de Protecci\u00f3n Civil de Veracruz recibi\u00f3 tres llamadas por desprendimiento de cables de energ\u00eda [&hellip;]<\/p>\n","protected":false},"author":8,"featured_media":39556,"comment_status":"open","ping_status":"open","sticky":false,"template":"","format":"standard","meta":{"_monsterinsights_skip_tracking":false,"_monsterinsights_sitenote_active":false,"_monsterinsights_sitenote_note":"","_monsterinsights_sitenote_category":0,"footnotes":""},"categories":[154],"tags":[423,9816,266,180],"class_list":["post-39551","post","type-post","status-publish","format-standard","has-post-thumbnail","hentry","category-veracruz","tag-boca-del-rio","tag-efectos","tag-frente-frio","tag-veracruz","wp-image-borders"],"amp_enabled":true,"_links":{"self":[{"href":"https:\/\/nvnoticias.mx\/index.php\/wp-json\/wp\/v2\/posts\/39551","targetHints":{"allow":["GET"]}}],"collection":[{"href":"https:\/\/nvnoticias.mx\/index.php\/wp-json\/wp\/v2\/posts"}],"about":[{"href":"https:\/\/nvnoticias.mx\/index.php\/wp-json\/wp\/v2\/types\/post"}],"author":[{"embeddable":true,"href":"https:\/\/nvnoticias.mx\/index.php\/wp-json\/wp\/v2\/users\/8"}],"replies":[{"embeddable":true,"href":"https:\/\/nvnoticias.mx\/index.php\/wp-json\/wp\/v2\/comments?post=39551"}],"version-history":[{"count":1,"href":"https:\/\/nvnoticias.mx\/index.php\/wp-json\/wp\/v2\/posts\/39551\/revisions"}],"predecessor-version":[{"id":39557,"href":"https:\/\/nvnoticias.mx\/index.php\/wp-json\/wp\/v2\/posts\/39551\/revisions\/39557"}],"wp:featuredmedia":[{"embeddable":true,"href":"https:\/\/nvnoticias.mx\/index.php\/wp-json\/wp\/v2\/media\/39556"}],"wp:attachment":[{"href":"https:\/\/nvnoticias.mx\/index.php\/wp-json\/wp\/v2\/media?parent=39551"}],"wp:term":[{"taxonomy":"category","embeddable":true,"href":"https:\/\/nvnoticias.mx\/index.php\/wp-json\/wp\/v2\/categories?post=39551"},{"taxonomy":"post_tag","embeddable":true,"href":"https:\/\/nvnoticias.mx\/index.php\/wp-json\/wp\/v2\/tags?post=39551"}],"curies":[{"name":"wp","href":"https:\/\/api.w.org\/{rel}","templated":true}]}}