{"id":39544,"date":"2022-02-04T12:41:40","date_gmt":"2022-02-04T18:41:40","guid":{"rendered":"https:\/\/nvnoticias.mx\/?p=39544"},"modified":"2022-02-04T12:41:40","modified_gmt":"2022-02-04T18:41:40","slug":"reaparece-enrique-pena-nieto-en-twitter","status":"publish","type":"post","link":"https:\/\/nvnoticias.mx\/index.php\/2022\/02\/04\/reaparece-enrique-pena-nieto-en-twitter\/","title":{"rendered":"Reaparece Enrique Pe\u00f1a Nieto en Twitter"},"content":{"rendered":"\n<p>El expresidente&nbsp;<strong>Enrique Pe\u00f1a Nieto,<\/strong>&nbsp;reapareci\u00f3 en&nbsp;<em>Twitter&nbsp;<\/em>en donde&nbsp;<strong>lament\u00f3 el fallecimiento<\/strong>&nbsp;del empresario mexicano,&nbsp;<strong>Alberto Baill\u00e8res<\/strong>.<\/p>\n\n\n\n<p>A trav\u00e9s de su cuenta oficial, el exmandatario mexicano -quien radica en Espa\u00f1a-, escribi\u00f3: \u201c<strong>Lamento profundamente el fallecimiento de Don Alberto Baill\u00e8res Gonz\u00e1lez<\/strong>, destacado empresario, promotor de la educaci\u00f3n y el desarrollo econ\u00f3mico de M\u00e9xico. Mis sentidas condolencias para su familia . Descanse en paz\u201d.<\/p>\n\n\n\n<p>Otro de los expresidentes que reaccion\u00f3 a la muerte del empresario mexicano fue&nbsp;<strong>Felipe Calder\u00f3n<\/strong>, quien tambi\u00e9n a trav\u00e9s de su cuenta de&nbsp;<strong>Twitter<\/strong>, se sum\u00f3 a las<strong>&nbsp;condolencias a la familia&nbsp;<\/strong>de Baill\u00e8res Gonz\u00e1lez.<\/p>\n\n\n\n<p>\u201cCon profundo pesar me entero del fallecimiento de Don Alberto Bailleres. Mis m\u00e1s sentidas condolencias a su esposa, hijos y nietos. Un abrazo a quienes participaron de una u otra forma en sus muchas obras, en especial a maestros, alumnos y exalumnos del ITAM. Descanse en paz\u201d, escribi\u00f3 Calder\u00f3n Hinojosa.<\/p>\n\n\n\n<p>Fuente: Infobae<\/p>\n","protected":false},"excerpt":{"rendered":"<p>El expresidente&nbsp;Enrique Pe\u00f1a Nieto,&nbsp;reapareci\u00f3 en&nbsp;Twitter&nbsp;en donde&nbsp;lament\u00f3 el fallecimiento&nbsp;del empresario mexicano,&nbsp;Alberto Baill\u00e8res. A trav\u00e9s de su cuenta oficial, el exmandatario mexicano -quien radica en Espa\u00f1a-, escribi\u00f3: \u201cLamento profundamente el fallecimiento de Don Alberto Baill\u00e8res Gonz\u00e1lez, destacado empresario, promotor de la educaci\u00f3n y el desarrollo econ\u00f3mico de M\u00e9xico. Mis sentidas condolencias para su familia . Descanse en [&hellip;]<\/p>\n","protected":false},"author":35,"featured_media":39548,"comment_status":"open","ping_status":"open","sticky":false,"template":"","format":"standard","meta":{"_monsterinsights_skip_tracking":false,"_monsterinsights_sitenote_active":false,"_monsterinsights_sitenote_note":"","_monsterinsights_sitenote_category":0,"footnotes":""},"categories":[157],"tags":[9798,2796,9815,231],"class_list":["post-39544","post","type-post","status-publish","format-standard","has-post-thumbnail","hentry","category-nacional","tag-alberto-bailleres","tag-enrique-pena-nieto","tag-reaparece","tag-twitter","wp-image-borders"],"amp_enabled":true,"_links":{"self":[{"href":"https:\/\/nvnoticias.mx\/index.php\/wp-json\/wp\/v2\/posts\/39544","targetHints":{"allow":["GET"]}}],"collection":[{"href":"https:\/\/nvnoticias.mx\/index.php\/wp-json\/wp\/v2\/posts"}],"about":[{"href":"https:\/\/nvnoticias.mx\/index.php\/wp-json\/wp\/v2\/types\/post"}],"author":[{"embeddable":true,"href":"https:\/\/nvnoticias.mx\/index.php\/wp-json\/wp\/v2\/users\/35"}],"replies":[{"embeddable":true,"href":"https:\/\/nvnoticias.mx\/index.php\/wp-json\/wp\/v2\/comments?post=39544"}],"version-history":[{"count":1,"href":"https:\/\/nvnoticias.mx\/index.php\/wp-json\/wp\/v2\/posts\/39544\/revisions"}],"predecessor-version":[{"id":39549,"href":"https:\/\/nvnoticias.mx\/index.php\/wp-json\/wp\/v2\/posts\/39544\/revisions\/39549"}],"wp:featuredmedia":[{"embeddable":true,"href":"https:\/\/nvnoticias.mx\/index.php\/wp-json\/wp\/v2\/media\/39548"}],"wp:attachment":[{"href":"https:\/\/nvnoticias.mx\/index.php\/wp-json\/wp\/v2\/media?parent=39544"}],"wp:term":[{"taxonomy":"category","embeddable":true,"href":"https:\/\/nvnoticias.mx\/index.php\/wp-json\/wp\/v2\/categories?post=39544"},{"taxonomy":"post_tag","embeddable":true,"href":"https:\/\/nvnoticias.mx\/index.php\/wp-json\/wp\/v2\/tags?post=39544"}],"curies":[{"name":"wp","href":"https:\/\/api.w.org\/{rel}","templated":true}]}}