{"id":39517,"date":"2022-02-04T10:48:16","date_gmt":"2022-02-04T16:48:16","guid":{"rendered":"https:\/\/nvnoticias.mx\/?p=39517"},"modified":"2022-02-04T10:48:16","modified_gmt":"2022-02-04T16:48:16","slug":"confia-ctm-que-este-ano-logren-recuperarse-la-economia-y-el-empleo","status":"publish","type":"post","link":"https:\/\/nvnoticias.mx\/index.php\/2022\/02\/04\/confia-ctm-que-este-ano-logren-recuperarse-la-economia-y-el-empleo\/","title":{"rendered":"Conf\u00eda CTM que este a\u00f1o logren recuperarse la econom\u00eda y el empleo"},"content":{"rendered":"\n<p><strong>Jes\u00fas Utrilla \/ NV Noticias<\/strong><\/p>\n\n\n\n<p>Leonel P\u00e9rez Herrera, secretario general de la CTM en la Delegaci\u00f3n Veracruz, conf\u00edo que este a\u00f1o logren recuperarse la econom\u00eda y el empleo.<\/p>\n\n\n\n<p>Reconoci\u00f3 que generaron din\u00e1micas nuevas y las empresas deben actualizarse y sumarse a la nueva realidad.<\/p>\n\n\n\n<p>Record\u00f3 que el desempleo que provoc\u00f3 la pandemia fue a nivel nacional e internacional. La afectaci\u00f3n de Veracruz no fue diferente pero comienza a verse una recuperaci\u00f3n.<\/p>\n\n\n\n<blockquote class=\"wp-block-quote is-layout-flow wp-block-quote-is-layout-flow\"><p>\u201c<em>El trabajo antes de la pandemia era uno y despu\u00e9s de la pandemia se han descubierto nuevas estrategias de trabajo y nuevos rubros laborales<\/em>\u201d.<\/p><\/blockquote>\n\n\n\n<p>Estim\u00f3 que durante la parte \u00e1lgida de la pandemia el empleo cay\u00f3 cerca de 40 por ciento pero las empresas se reactivan cada d\u00eda m\u00e1s. Adem\u00e1s con las nuevas formas de trabajo los empleados perciben m\u00e1s.<\/p>\n\n\n\n<blockquote class=\"wp-block-quote is-layout-flow wp-block-quote-is-layout-flow\"><p>\u201c<em>El modo de trabajar antes de la pandemia era uno y ahora hay nuevos rubros, hay nuevas din\u00e1micas que antes no exist\u00eda y eso amplia m\u00e1s el ingreso de las familias. Estamos positivos, vamos a crecer y el sector obrero va a resurgir<\/em>\u201d.<\/p><\/blockquote>\n\n\n\n<p>Conf\u00edo que durante 2022 se logre una \u00e1gil recuperaci\u00f3n de la econom\u00eda que beneficie a los trabajadores veracruzanos.<\/p>\n\n\n\n<p>Se\u00f1al\u00f3 que a trav\u00e9s de las organizaciones obreras pugnar\u00e1n porque los trabajadores tengan mejores condiciones laborales.<\/p>\n\n\n\n<p>Incluso a trav\u00e9s de las confederaciones se exigir\u00e1 a los tres niveles de gobierno y el Poder Legislativo que se trabaje a favor del sector obrero del pa\u00eds.<\/p>\n","protected":false},"excerpt":{"rendered":"<p>Jes\u00fas Utrilla \/ NV Noticias Leonel P\u00e9rez Herrera, secretario general de la CTM en la Delegaci\u00f3n Veracruz, conf\u00edo que este a\u00f1o logren recuperarse la econom\u00eda y el empleo. Reconoci\u00f3 que generaron din\u00e1micas nuevas y las empresas deben actualizarse y sumarse a la nueva realidad. Record\u00f3 que el desempleo que provoc\u00f3 la pandemia fue a nivel [&hellip;]<\/p>\n","protected":false},"author":8,"featured_media":25298,"comment_status":"open","ping_status":"open","sticky":false,"template":"","format":"standard","meta":{"_monsterinsights_skip_tracking":false,"_monsterinsights_sitenote_active":false,"_monsterinsights_sitenote_note":"","_monsterinsights_sitenote_category":0,"footnotes":""},"categories":[154],"tags":[2097,384,2172],"class_list":["post-39517","post","type-post","status-publish","format-standard","has-post-thumbnail","hentry","category-veracruz","tag-ctm","tag-economia","tag-empleo","wp-image-borders"],"amp_enabled":true,"_links":{"self":[{"href":"https:\/\/nvnoticias.mx\/index.php\/wp-json\/wp\/v2\/posts\/39517","targetHints":{"allow":["GET"]}}],"collection":[{"href":"https:\/\/nvnoticias.mx\/index.php\/wp-json\/wp\/v2\/posts"}],"about":[{"href":"https:\/\/nvnoticias.mx\/index.php\/wp-json\/wp\/v2\/types\/post"}],"author":[{"embeddable":true,"href":"https:\/\/nvnoticias.mx\/index.php\/wp-json\/wp\/v2\/users\/8"}],"replies":[{"embeddable":true,"href":"https:\/\/nvnoticias.mx\/index.php\/wp-json\/wp\/v2\/comments?post=39517"}],"version-history":[{"count":1,"href":"https:\/\/nvnoticias.mx\/index.php\/wp-json\/wp\/v2\/posts\/39517\/revisions"}],"predecessor-version":[{"id":39518,"href":"https:\/\/nvnoticias.mx\/index.php\/wp-json\/wp\/v2\/posts\/39517\/revisions\/39518"}],"wp:featuredmedia":[{"embeddable":true,"href":"https:\/\/nvnoticias.mx\/index.php\/wp-json\/wp\/v2\/media\/25298"}],"wp:attachment":[{"href":"https:\/\/nvnoticias.mx\/index.php\/wp-json\/wp\/v2\/media?parent=39517"}],"wp:term":[{"taxonomy":"category","embeddable":true,"href":"https:\/\/nvnoticias.mx\/index.php\/wp-json\/wp\/v2\/categories?post=39517"},{"taxonomy":"post_tag","embeddable":true,"href":"https:\/\/nvnoticias.mx\/index.php\/wp-json\/wp\/v2\/tags?post=39517"}],"curies":[{"name":"wp","href":"https:\/\/api.w.org\/{rel}","templated":true}]}}