{"id":39498,"date":"2022-02-04T09:53:11","date_gmt":"2022-02-04T15:53:11","guid":{"rendered":"https:\/\/nvnoticias.mx\/?p=39498"},"modified":"2022-02-04T09:53:11","modified_gmt":"2022-02-04T15:53:11","slug":"ratificaran-denuncia-contra-hugo-lopez-gatell-por-negligencia","status":"publish","type":"post","link":"https:\/\/nvnoticias.mx\/index.php\/2022\/02\/04\/ratificaran-denuncia-contra-hugo-lopez-gatell-por-negligencia\/","title":{"rendered":"Ratificar\u00e1n denuncia contra Hugo L\u00f3pez-Gatell por negligencia"},"content":{"rendered":"\n<p>Este viernes,\u00a0familiares de v\u00edctimas por\u00a0<strong>Covid-19\u00a0<\/strong>ratificar\u00e1n su denuncia por\u00a0<strong>negligencia\u00a0<\/strong>contra el\u00a0<strong>subsecretario de Prevenci\u00f3n y Promoci\u00f3n de la Salud<\/strong>,\u00a0<strong>Hugo L\u00f3pez-Gatell<\/strong>, asegur\u00f3 el abogado\u00a0<strong>Javier Coello Trejo<\/strong>.\u00a0<\/p>\n\n\n\n<p>\u201cA las 12 del d\u00eda un equipo de abogados van a ratificar, van a presentar pruebas y pediremos algunos datos de investigaci\u00f3n y vamos a seguir aportando elementos, hemos recibido m\u00e1s de 3 mil emails\u00a0de los cuales son cerca de 400 gentes que quieren denunciar y vamos a empezar a preparar las denuncias, porque queremos justicia\u201d, detall\u00f3 el litigante en\u00a0entrevista\u00a0con Azucena Uresti para\u00a0Grupo F\u00f3rmula.\u00a0<\/p>\n\n\n\n<p><u>Coello Trejo<\/u>\u00a0dijo que los denunciantes, Nayeli y Felipe asistir\u00e1n a la Fiscal\u00eda General de la Rep\u00fablica (<strong>FGR<\/strong>) en donde\u00a0aportar\u00e1n las pruebas y \u201cnosotros como abogados, asesores jur\u00eddicos, vamos a estar aportando m\u00e1s elementos\u201d, a\u00f1adi\u00f3. Cabe destacar, que Felipe y Nayeli trabajan en el despacho de\u00a0Javier Coello. A \u00e9l se le muri\u00f3 su pap\u00e1 de Covid, y a ella, su esposo.\u00a0<\/p>\n\n\n\n<p>Sobre cu\u00e1nto tardar\u00e1 el proceso para que haya justicia, el exprocurador General explic\u00f3 que el Ministerio P\u00fablico debe iniciar la investigaci\u00f3n y citar a los involucrados&nbsp;para hacer&nbsp;la carpeta, por lo que se desconoce el tiempo que lleve la indagatoria. &nbsp;<\/p>\n\n\n\n<p>\u201cHemos aportado m\u00e1s elementos, la carpeta est\u00e1 inici\u00e1ndose y aportaremos todos los elementos de prueba a nuestro alcance, con dict\u00e1menes t\u00e9cnicos de cient\u00edficos y con todo lo que el se\u00f1or (L\u00f3pez-Gatell) ha dicho\u201d, se\u00f1al\u00f3.<\/p>\n\n\n\n<p>Afirm\u00f3 que el Subsecretario\u00a0de Prevenci\u00f3n deber\u00e1 ser llamado a declarar, al igual que los directores de los hospitales que no atendieron a los fallecidos por el virus\u00a0SARS-CoV-2. \u00a0<\/p>\n\n\n\n<p>Fuente: El universal<\/p>\n","protected":false},"excerpt":{"rendered":"<p>Este viernes,\u00a0familiares de v\u00edctimas por\u00a0Covid-19\u00a0ratificar\u00e1n su denuncia por\u00a0negligencia\u00a0contra el\u00a0subsecretario de Prevenci\u00f3n y Promoci\u00f3n de la Salud,\u00a0Hugo L\u00f3pez-Gatell, asegur\u00f3 el abogado\u00a0Javier Coello Trejo.\u00a0 \u201cA las 12 del d\u00eda un equipo de abogados van a ratificar, van a presentar pruebas y pediremos algunos datos de investigaci\u00f3n y vamos a seguir aportando elementos, hemos recibido m\u00e1s de 3 [&hellip;]<\/p>\n","protected":false},"author":35,"featured_media":22400,"comment_status":"open","ping_status":"open","sticky":false,"template":"","format":"standard","meta":{"_monsterinsights_skip_tracking":false,"_monsterinsights_sitenote_active":false,"_monsterinsights_sitenote_note":"","_monsterinsights_sitenote_category":0,"footnotes":""},"categories":[157],"tags":[206,1010,3675,162],"class_list":["post-39498","post","type-post","status-publish","format-standard","has-post-thumbnail","hentry","category-nacional","tag-denuncia","tag-hugo-lopez-gatell","tag-negligencia","tag-portada","wp-image-borders"],"amp_enabled":true,"_links":{"self":[{"href":"https:\/\/nvnoticias.mx\/index.php\/wp-json\/wp\/v2\/posts\/39498","targetHints":{"allow":["GET"]}}],"collection":[{"href":"https:\/\/nvnoticias.mx\/index.php\/wp-json\/wp\/v2\/posts"}],"about":[{"href":"https:\/\/nvnoticias.mx\/index.php\/wp-json\/wp\/v2\/types\/post"}],"author":[{"embeddable":true,"href":"https:\/\/nvnoticias.mx\/index.php\/wp-json\/wp\/v2\/users\/35"}],"replies":[{"embeddable":true,"href":"https:\/\/nvnoticias.mx\/index.php\/wp-json\/wp\/v2\/comments?post=39498"}],"version-history":[{"count":1,"href":"https:\/\/nvnoticias.mx\/index.php\/wp-json\/wp\/v2\/posts\/39498\/revisions"}],"predecessor-version":[{"id":39499,"href":"https:\/\/nvnoticias.mx\/index.php\/wp-json\/wp\/v2\/posts\/39498\/revisions\/39499"}],"wp:featuredmedia":[{"embeddable":true,"href":"https:\/\/nvnoticias.mx\/index.php\/wp-json\/wp\/v2\/media\/22400"}],"wp:attachment":[{"href":"https:\/\/nvnoticias.mx\/index.php\/wp-json\/wp\/v2\/media?parent=39498"}],"wp:term":[{"taxonomy":"category","embeddable":true,"href":"https:\/\/nvnoticias.mx\/index.php\/wp-json\/wp\/v2\/categories?post=39498"},{"taxonomy":"post_tag","embeddable":true,"href":"https:\/\/nvnoticias.mx\/index.php\/wp-json\/wp\/v2\/tags?post=39498"}],"curies":[{"name":"wp","href":"https:\/\/api.w.org\/{rel}","templated":true}]}}