{"id":39439,"date":"2022-02-03T13:37:06","date_gmt":"2022-02-03T19:37:06","guid":{"rendered":"https:\/\/nvnoticias.mx\/?p=39439"},"modified":"2022-02-03T13:37:08","modified_gmt":"2022-02-03T19:37:08","slug":"invertira-bosch-146-mdd-en-ampliacion-de-planta-automotriz-en-queretaro","status":"publish","type":"post","link":"https:\/\/nvnoticias.mx\/index.php\/2022\/02\/03\/invertira-bosch-146-mdd-en-ampliacion-de-planta-automotriz-en-queretaro\/","title":{"rendered":"Invertir\u00e1 Bosch 146 mdd en ampliaci\u00f3n de planta automotriz en Quer\u00e9taro"},"content":{"rendered":"\n<p>La firma alemana Bosch inform\u00f3 el jueves que planea invertir 146 millones de d\u00f3lares para ampliar su planta en Quer\u00e9taro, instalando nuevas l\u00edneas de producci\u00f3n de alta tecnolog\u00eda y un almac\u00e9n de unos 12,000 metros cuadrados.<\/p>\n\n\n\n<p>El a\u00f1o pasado la empresa de tecnolog\u00eda y proveedora de autopartes anunci\u00f3 inversiones por al menos 174 millones de d\u00f3lares en otras f\u00e1bricas en M\u00e9xico.<\/p>\n\n\n\n<p>Bosch cuenta con 14 unidades productivas en M\u00e9xico y dijo que emplea a 17,200 personas en el pa\u00eds.<\/p>\n\n\n\n<p>Fuente: Forbes<\/p>\n","protected":false},"excerpt":{"rendered":"<p>La firma alemana Bosch inform\u00f3 el jueves que planea invertir 146 millones de d\u00f3lares para ampliar su planta en Quer\u00e9taro, instalando nuevas l\u00edneas de producci\u00f3n de alta tecnolog\u00eda y un almac\u00e9n de unos 12,000 metros cuadrados. El a\u00f1o pasado la empresa de tecnolog\u00eda y proveedora de autopartes anunci\u00f3 inversiones por al menos 174 millones de [&hellip;]<\/p>\n","protected":false},"author":35,"featured_media":39442,"comment_status":"open","ping_status":"open","sticky":false,"template":"","format":"standard","meta":{"_monsterinsights_skip_tracking":false,"_monsterinsights_sitenote_active":false,"_monsterinsights_sitenote_note":"","_monsterinsights_sitenote_category":0,"footnotes":""},"categories":[157],"tags":[7789,198,9776,9762,2760,913],"class_list":["post-39439","post","type-post","status-publish","format-standard","has-post-thumbnail","hentry","category-nacional","tag-ampliacion","tag-automotriz","tag-bosch","tag-invertira","tag-planta","tag-queretaro","wp-image-borders"],"amp_enabled":true,"_links":{"self":[{"href":"https:\/\/nvnoticias.mx\/index.php\/wp-json\/wp\/v2\/posts\/39439","targetHints":{"allow":["GET"]}}],"collection":[{"href":"https:\/\/nvnoticias.mx\/index.php\/wp-json\/wp\/v2\/posts"}],"about":[{"href":"https:\/\/nvnoticias.mx\/index.php\/wp-json\/wp\/v2\/types\/post"}],"author":[{"embeddable":true,"href":"https:\/\/nvnoticias.mx\/index.php\/wp-json\/wp\/v2\/users\/35"}],"replies":[{"embeddable":true,"href":"https:\/\/nvnoticias.mx\/index.php\/wp-json\/wp\/v2\/comments?post=39439"}],"version-history":[{"count":1,"href":"https:\/\/nvnoticias.mx\/index.php\/wp-json\/wp\/v2\/posts\/39439\/revisions"}],"predecessor-version":[{"id":39443,"href":"https:\/\/nvnoticias.mx\/index.php\/wp-json\/wp\/v2\/posts\/39439\/revisions\/39443"}],"wp:featuredmedia":[{"embeddable":true,"href":"https:\/\/nvnoticias.mx\/index.php\/wp-json\/wp\/v2\/media\/39442"}],"wp:attachment":[{"href":"https:\/\/nvnoticias.mx\/index.php\/wp-json\/wp\/v2\/media?parent=39439"}],"wp:term":[{"taxonomy":"category","embeddable":true,"href":"https:\/\/nvnoticias.mx\/index.php\/wp-json\/wp\/v2\/categories?post=39439"},{"taxonomy":"post_tag","embeddable":true,"href":"https:\/\/nvnoticias.mx\/index.php\/wp-json\/wp\/v2\/tags?post=39439"}],"curies":[{"name":"wp","href":"https:\/\/api.w.org\/{rel}","templated":true}]}}