{"id":39371,"date":"2022-02-03T10:52:05","date_gmt":"2022-02-03T16:52:05","guid":{"rendered":"https:\/\/nvnoticias.mx\/?p=39371"},"modified":"2022-02-03T10:52:06","modified_gmt":"2022-02-03T16:52:06","slug":"maestros-exigen-plazas-definitivas-a-la-sev","status":"publish","type":"post","link":"https:\/\/nvnoticias.mx\/index.php\/2022\/02\/03\/maestros-exigen-plazas-definitivas-a-la-sev\/","title":{"rendered":"Maestros exigen plazas definitivas a la SEV"},"content":{"rendered":"\n<p><strong>Sam Ojeda\u00a0\/ NV Noticias<\/strong><\/p>\n\n\n\n<p>Xalapa.- Este jueves maestros de educaci\u00f3n b\u00e1sica se manifestaron en la Secretar\u00eda de Educaci\u00f3n de Veracruz (SEV) para exigir la entrega de plazas definitivas y el pago de salarios.<\/p>\n\n\n\n<p>Al respecto, la maestra Fernanda Rodr\u00edguez se\u00f1al\u00f3 que desde octubre del a\u00f1o pasado el Fondo de Aportaciones para la N\u00f3mina Educativa y Gasto Operativo (FONE) dej\u00f3 de pagar salarios y no se les han entregado plazas definitivas.<\/p>\n\n\n\n<blockquote class=\"wp-block-quote is-layout-flow wp-block-quote-is-layout-flow\"><p>\u201c<em>Que se realicen los pagos pendientes, y la validaci\u00f3n por parte del FONE ya que no se est\u00e1n recibiendo los pagos desde el 2021<\/em>\u201d.<\/p><\/blockquote>\n\n\n\n<p>Demandaron transparencia y actualizaci\u00f3n en la plataforma habilitada para asignar las vacantes definitivas, y contar con \u00f3rdenes de presentaci\u00f3n y no una constancia de asignaci\u00f3n de plaza temporal.<\/p>\n\n\n\n<blockquote class=\"wp-block-quote is-layout-flow wp-block-quote-is-layout-flow\"><p>\u201c<em>Tenemos conocimiento que se han asignados plazas a personas que est\u00e1n en un lugar de prelaci\u00f3n m\u00e1s distante que nosotros y por ello exigimos que haya transparencia en el proceso, que se asigne conforme al orden de prelaci\u00f3n<\/em>\u201d.<\/p><\/blockquote>\n\n\n\n<p>Los manifestantes llegaron a la dependencia para exigir di\u00e1logo con la oficial mayor Ariadna Selene Aguilar Amaya.<\/p>\n","protected":false},"excerpt":{"rendered":"<p>Sam Ojeda\u00a0\/ NV Noticias Xalapa.- Este jueves maestros de educaci\u00f3n b\u00e1sica se manifestaron en la Secretar\u00eda de Educaci\u00f3n de Veracruz (SEV) para exigir la entrega de plazas definitivas y el pago de salarios. Al respecto, la maestra Fernanda Rodr\u00edguez se\u00f1al\u00f3 que desde octubre del a\u00f1o pasado el Fondo de Aportaciones para la N\u00f3mina Educativa y [&hellip;]<\/p>\n","protected":false},"author":8,"featured_media":39373,"comment_status":"open","ping_status":"open","sticky":false,"template":"","format":"standard","meta":{"_monsterinsights_skip_tracking":false,"_monsterinsights_sitenote_active":false,"_monsterinsights_sitenote_note":"","_monsterinsights_sitenote_category":0,"footnotes":""},"categories":[156],"tags":[635,2641,1001],"class_list":["post-39371","post","type-post","status-publish","format-standard","has-post-thumbnail","hentry","category-estado","tag-maestros","tag-plazas","tag-sev","wp-image-borders"],"amp_enabled":true,"_links":{"self":[{"href":"https:\/\/nvnoticias.mx\/index.php\/wp-json\/wp\/v2\/posts\/39371","targetHints":{"allow":["GET"]}}],"collection":[{"href":"https:\/\/nvnoticias.mx\/index.php\/wp-json\/wp\/v2\/posts"}],"about":[{"href":"https:\/\/nvnoticias.mx\/index.php\/wp-json\/wp\/v2\/types\/post"}],"author":[{"embeddable":true,"href":"https:\/\/nvnoticias.mx\/index.php\/wp-json\/wp\/v2\/users\/8"}],"replies":[{"embeddable":true,"href":"https:\/\/nvnoticias.mx\/index.php\/wp-json\/wp\/v2\/comments?post=39371"}],"version-history":[{"count":1,"href":"https:\/\/nvnoticias.mx\/index.php\/wp-json\/wp\/v2\/posts\/39371\/revisions"}],"predecessor-version":[{"id":39374,"href":"https:\/\/nvnoticias.mx\/index.php\/wp-json\/wp\/v2\/posts\/39371\/revisions\/39374"}],"wp:featuredmedia":[{"embeddable":true,"href":"https:\/\/nvnoticias.mx\/index.php\/wp-json\/wp\/v2\/media\/39373"}],"wp:attachment":[{"href":"https:\/\/nvnoticias.mx\/index.php\/wp-json\/wp\/v2\/media?parent=39371"}],"wp:term":[{"taxonomy":"category","embeddable":true,"href":"https:\/\/nvnoticias.mx\/index.php\/wp-json\/wp\/v2\/categories?post=39371"},{"taxonomy":"post_tag","embeddable":true,"href":"https:\/\/nvnoticias.mx\/index.php\/wp-json\/wp\/v2\/tags?post=39371"}],"curies":[{"name":"wp","href":"https:\/\/api.w.org\/{rel}","templated":true}]}}