{"id":3935,"date":"2021-02-08T21:42:22","date_gmt":"2021-02-09T03:42:22","guid":{"rendered":"https:\/\/nvnoticias.mx\/?p=3935"},"modified":"2021-02-08T22:03:33","modified_gmt":"2021-02-09T04:03:33","slug":"muere-ricardo-silva-voz-del-tema-principal-de-la-serie-debido-a-covid-19","status":"publish","type":"post","link":"https:\/\/nvnoticias.mx\/index.php\/2021\/02\/08\/muere-ricardo-silva-voz-del-tema-principal-de-la-serie-debido-a-covid-19\/","title":{"rendered":"Muere Ricardo Silva, voz del tema principal de la serie, debido a COVID-19."},"content":{"rendered":"\n<p>El mundo de las caricaturas y el doblaje mexicano est\u00e1 de luto. Este domingo 7 de febrero, falleci\u00f3 el <strong>cantante mexicano<\/strong> y <strong>actor de doblaje<\/strong>, <strong>Ricardo Silva <\/strong>a sus 67 a\u00f1os; tan solo a d\u00edas de que se anunciara su hospitalizaci\u00f3n, se confirm\u00f3 la p\u00e9rdida del artista, tras complicaciones por <strong>Covid-19<\/strong>.<\/p>\n\n\n\n<p>Ser\u00e1 recordado por sus canciones que fueron los intros de muchas series de anime en la d\u00e9cada de los ochentas y noventas, siendo m\u00e1s reconocido por el opening titulado<strong> \u201cChala Head-Chala\u201d <\/strong>del popular anime que rompi\u00f3 r\u00e9cords en nuestro pa\u00eds y en toda Latinoam\u00e9rica, <strong>&#8220;Dragon Ball&#8221;<\/strong>.<\/p>\n\n\n\n<p>Sin olvidar su participaci\u00f3n como actor de doblaje en <strong>Henry<\/strong> en <strong>\u201cThomas y sus amigos\u201d<\/strong>, <strong>Scoob<\/strong> en <strong>\u201cBob, el Constructor\u201d<\/strong>, entre otros. <\/p>\n\n\n\n<p>Su \u00faltimo trabajo fue el pasado 18 de enero del presente a\u00f1o, cuando se dio a conocer el tema principal de la serie animada de<strong> &#8220;Sailor Moon&#8221;<\/strong>.<\/p>\n","protected":false},"excerpt":{"rendered":"<p>El mundo de las caricaturas y el doblaje mexicano est\u00e1 de luto. Este domingo 7 de febrero, falleci\u00f3 el cantante mexicano y actor de doblaje, Ricardo Silva a sus 67 a\u00f1os; tan solo a d\u00edas de que se anunciara su hospitalizaci\u00f3n, se confirm\u00f3 la p\u00e9rdida del artista, tras complicaciones por Covid-19. Ser\u00e1 recordado por sus [&hellip;]<\/p>\n","protected":false},"author":35,"featured_media":3939,"comment_status":"open","ping_status":"open","sticky":false,"template":"","format":"standard","meta":{"_monsterinsights_skip_tracking":false,"_monsterinsights_sitenote_active":false,"_monsterinsights_sitenote_note":"","_monsterinsights_sitenote_category":0,"footnotes":""},"categories":[576],"tags":[1158,175,1157],"class_list":["post-3935","post","type-post","status-publish","format-standard","has-post-thumbnail","hentry","category-ocio","tag-actor-doblaje","tag-covid-19","tag-ricardo-silva","wp-image-borders"],"amp_enabled":true,"_links":{"self":[{"href":"https:\/\/nvnoticias.mx\/index.php\/wp-json\/wp\/v2\/posts\/3935","targetHints":{"allow":["GET"]}}],"collection":[{"href":"https:\/\/nvnoticias.mx\/index.php\/wp-json\/wp\/v2\/posts"}],"about":[{"href":"https:\/\/nvnoticias.mx\/index.php\/wp-json\/wp\/v2\/types\/post"}],"author":[{"embeddable":true,"href":"https:\/\/nvnoticias.mx\/index.php\/wp-json\/wp\/v2\/users\/35"}],"replies":[{"embeddable":true,"href":"https:\/\/nvnoticias.mx\/index.php\/wp-json\/wp\/v2\/comments?post=3935"}],"version-history":[{"count":1,"href":"https:\/\/nvnoticias.mx\/index.php\/wp-json\/wp\/v2\/posts\/3935\/revisions"}],"predecessor-version":[{"id":3937,"href":"https:\/\/nvnoticias.mx\/index.php\/wp-json\/wp\/v2\/posts\/3935\/revisions\/3937"}],"wp:featuredmedia":[{"embeddable":true,"href":"https:\/\/nvnoticias.mx\/index.php\/wp-json\/wp\/v2\/media\/3939"}],"wp:attachment":[{"href":"https:\/\/nvnoticias.mx\/index.php\/wp-json\/wp\/v2\/media?parent=3935"}],"wp:term":[{"taxonomy":"category","embeddable":true,"href":"https:\/\/nvnoticias.mx\/index.php\/wp-json\/wp\/v2\/categories?post=3935"},{"taxonomy":"post_tag","embeddable":true,"href":"https:\/\/nvnoticias.mx\/index.php\/wp-json\/wp\/v2\/tags?post=3935"}],"curies":[{"name":"wp","href":"https:\/\/api.w.org\/{rel}","templated":true}]}}