{"id":3932,"date":"2021-02-08T20:58:02","date_gmt":"2021-02-09T02:58:02","guid":{"rendered":"https:\/\/nvnoticias.mx\/?p=3932"},"modified":"2021-02-08T20:58:03","modified_gmt":"2021-02-09T02:58:03","slug":"el-met-vendera-fondos-para-reducir-el-deficit-de-ingresos-por-el-covid-19","status":"publish","type":"post","link":"https:\/\/nvnoticias.mx\/index.php\/2021\/02\/08\/el-met-vendera-fondos-para-reducir-el-deficit-de-ingresos-por-el-covid-19\/","title":{"rendered":"El MET vender\u00e1 fondos para reducir el d\u00e9ficit de ingresos por el Covid-19"},"content":{"rendered":"\n<p>La pandemia del <strong>Covid-19<\/strong> no perdona ni a las instituciones culturales de Estados Unidos. Los cierres de actividades culturales y econ\u00f3micas han obligado al <strong>Museo de Arte Metropolitano de Nueva York<\/strong> <strong>(MET)<\/strong>, siendo uno de los m\u00e1s grandes del pa\u00eds, a realizar salas de subastas para vender obras a coleccionistas y librar el d\u00e9ficit previsto de <strong>150 millones de d\u00f3lares<\/strong>.<\/p>\n\n\n\n<p>Esta no fue la primera medida dr\u00e1stica tomada, en la primavera pasada, <strong>81 empleados fueron despedidos<\/strong> y el presidente y dem\u00e1s departamentos se vieron obligados a reducir su sueldo un 20%.<\/p>\n\n\n\n<p>Si bien se encuentra actualmente abierto al p\u00fablico, siendo una de las atracciones tur\u00edsticas m\u00e1s visitadas de la ciudad previo a la pandemia, en estos momentos se encuentra con pocos visitantes, los ingresos han ca\u00eddo tanto, que se ven en situaciones complicadas, teniendo que tomar medidas m\u00e1s dr\u00e1sticas, tales como suspender las celebraciones de su 150\u00b0 aniversario, que se llevar\u00eda a cabo en Junio del presente a\u00f1o.<\/p>\n\n\n\n<p><em>Fuente: El Pa\u00eds<\/em><\/p>\n","protected":false},"excerpt":{"rendered":"<p>La pandemia del Covid-19 no perdona ni a las instituciones culturales de Estados Unidos. Los cierres de actividades culturales y econ\u00f3micas han obligado al Museo de Arte Metropolitano de Nueva York (MET), siendo uno de los m\u00e1s grandes del pa\u00eds, a realizar salas de subastas para vender obras a coleccionistas y librar el d\u00e9ficit previsto [&hellip;]<\/p>\n","protected":false},"author":35,"featured_media":3933,"comment_status":"open","ping_status":"open","sticky":false,"template":"","format":"standard","meta":{"_monsterinsights_skip_tracking":false,"_monsterinsights_sitenote_active":false,"_monsterinsights_sitenote_note":"","_monsterinsights_sitenote_category":0,"footnotes":""},"categories":[576],"tags":[175,1156,1155,604],"class_list":["post-3932","post","type-post","status-publish","format-standard","has-post-thumbnail","hentry","category-ocio","tag-covid-19","tag-met","tag-museo-de-arte-metropolitano-de-nueva-york","tag-nueva-york","wp-image-borders"],"amp_enabled":true,"_links":{"self":[{"href":"https:\/\/nvnoticias.mx\/index.php\/wp-json\/wp\/v2\/posts\/3932","targetHints":{"allow":["GET"]}}],"collection":[{"href":"https:\/\/nvnoticias.mx\/index.php\/wp-json\/wp\/v2\/posts"}],"about":[{"href":"https:\/\/nvnoticias.mx\/index.php\/wp-json\/wp\/v2\/types\/post"}],"author":[{"embeddable":true,"href":"https:\/\/nvnoticias.mx\/index.php\/wp-json\/wp\/v2\/users\/35"}],"replies":[{"embeddable":true,"href":"https:\/\/nvnoticias.mx\/index.php\/wp-json\/wp\/v2\/comments?post=3932"}],"version-history":[{"count":1,"href":"https:\/\/nvnoticias.mx\/index.php\/wp-json\/wp\/v2\/posts\/3932\/revisions"}],"predecessor-version":[{"id":3934,"href":"https:\/\/nvnoticias.mx\/index.php\/wp-json\/wp\/v2\/posts\/3932\/revisions\/3934"}],"wp:featuredmedia":[{"embeddable":true,"href":"https:\/\/nvnoticias.mx\/index.php\/wp-json\/wp\/v2\/media\/3933"}],"wp:attachment":[{"href":"https:\/\/nvnoticias.mx\/index.php\/wp-json\/wp\/v2\/media?parent=3932"}],"wp:term":[{"taxonomy":"category","embeddable":true,"href":"https:\/\/nvnoticias.mx\/index.php\/wp-json\/wp\/v2\/categories?post=3932"},{"taxonomy":"post_tag","embeddable":true,"href":"https:\/\/nvnoticias.mx\/index.php\/wp-json\/wp\/v2\/tags?post=3932"}],"curies":[{"name":"wp","href":"https:\/\/api.w.org\/{rel}","templated":true}]}}