{"id":39096,"date":"2022-02-01T12:22:45","date_gmt":"2022-02-01T18:22:45","guid":{"rendered":"https:\/\/nvnoticias.mx\/?p=39096"},"modified":"2022-02-01T12:22:46","modified_gmt":"2022-02-01T18:22:46","slug":"piden-que-gobierno-de-veracruz-compre-pruebas-para-deteccion-de-covid-19","status":"publish","type":"post","link":"https:\/\/nvnoticias.mx\/index.php\/2022\/02\/01\/piden-que-gobierno-de-veracruz-compre-pruebas-para-deteccion-de-covid-19\/","title":{"rendered":"Piden que Gobierno de Veracruz compre pruebas para detecci\u00f3n de covid-19"},"content":{"rendered":"\n<p><strong>Sam Ojeda\u00a0\/ NV Noticias<\/strong><\/p>\n\n\n\n<p>Xalapa.-\u00a0 Es urgente que el Gobierno del estado designe recursos para la aplicaci\u00f3n de pruebas r\u00e1pidas para la detecci\u00f3n de covid-19 en Veracruz, a fin de evitar un incremento mayor en los casos positivos.<\/p>\n\n\n\n<p>Esto fue se\u00f1alado por el comisionado nacional del Partido del Trabajo, (PT), Vicente Aguilar Aguilar, quien dijo el gobernador Cuitl\u00e1huac Garc\u00eda Jim\u00e9nez debe imitar lo que se ha hecho en Ciudad M\u00e9xico.<\/p>\n\n\n\n<blockquote class=\"wp-block-quote is-layout-flow wp-block-quote-is-layout-flow\"><p>\u201c<em>Que el Gobierno del estado que implemente un programa para la detecci\u00f3n de covid-19 en Veracruz, tal como lo hacen en Ciudad de M\u00e9xico. El gobernador ha manifestado la existencia de recursos que pudieran servir para prevenir la expansi\u00f3n de la pandemia<\/em>\u201d.<\/p><\/blockquote>\n\n\n\n<p>Y es que dijo que actualmente los ciudadanos deben pagar de 350 a mil pesos para pagar una prueba r\u00e1pida o de PCR, pero no todos tienen los recursos para lograrlo. \u00a0<\/p>\n\n\n\n<blockquote class=\"wp-block-quote is-layout-flow wp-block-quote-is-layout-flow\"><p>\u201c<em>Resulta bastante cara realizar la prueba porque los ciudadanos deben pagar de 350 hasta los mil pesos por hacerse una prueba\u201d<\/em>, dijo.<\/p><\/blockquote>\n\n\n\n<p>Se\u00f1al\u00f3 que debido a la falta de recursos para hacerse una prueba, la gente ignora si est\u00e1 contagiada o no, por lo tanto es importante que se hagan estas pruebas.<\/p>\n","protected":false},"excerpt":{"rendered":"<p>Sam Ojeda\u00a0\/ NV Noticias Xalapa.-\u00a0 Es urgente que el Gobierno del estado designe recursos para la aplicaci\u00f3n de pruebas r\u00e1pidas para la detecci\u00f3n de covid-19 en Veracruz, a fin de evitar un incremento mayor en los casos positivos. Esto fue se\u00f1alado por el comisionado nacional del Partido del Trabajo, (PT), Vicente Aguilar Aguilar, quien dijo [&hellip;]<\/p>\n","protected":false},"author":8,"featured_media":39097,"comment_status":"open","ping_status":"open","sticky":false,"template":"","format":"standard","meta":{"_monsterinsights_skip_tracking":false,"_monsterinsights_sitenote_active":false,"_monsterinsights_sitenote_note":"","_monsterinsights_sitenote_category":0,"footnotes":""},"categories":[156],"tags":[972,9652],"class_list":["post-39096","post","type-post","status-publish","format-standard","has-post-thumbnail","hentry","category-estado","tag-gobierno-de-veracruz","tag-pruebas-covid","wp-image-borders"],"amp_enabled":true,"_links":{"self":[{"href":"https:\/\/nvnoticias.mx\/index.php\/wp-json\/wp\/v2\/posts\/39096","targetHints":{"allow":["GET"]}}],"collection":[{"href":"https:\/\/nvnoticias.mx\/index.php\/wp-json\/wp\/v2\/posts"}],"about":[{"href":"https:\/\/nvnoticias.mx\/index.php\/wp-json\/wp\/v2\/types\/post"}],"author":[{"embeddable":true,"href":"https:\/\/nvnoticias.mx\/index.php\/wp-json\/wp\/v2\/users\/8"}],"replies":[{"embeddable":true,"href":"https:\/\/nvnoticias.mx\/index.php\/wp-json\/wp\/v2\/comments?post=39096"}],"version-history":[{"count":1,"href":"https:\/\/nvnoticias.mx\/index.php\/wp-json\/wp\/v2\/posts\/39096\/revisions"}],"predecessor-version":[{"id":39098,"href":"https:\/\/nvnoticias.mx\/index.php\/wp-json\/wp\/v2\/posts\/39096\/revisions\/39098"}],"wp:featuredmedia":[{"embeddable":true,"href":"https:\/\/nvnoticias.mx\/index.php\/wp-json\/wp\/v2\/media\/39097"}],"wp:attachment":[{"href":"https:\/\/nvnoticias.mx\/index.php\/wp-json\/wp\/v2\/media?parent=39096"}],"wp:term":[{"taxonomy":"category","embeddable":true,"href":"https:\/\/nvnoticias.mx\/index.php\/wp-json\/wp\/v2\/categories?post=39096"},{"taxonomy":"post_tag","embeddable":true,"href":"https:\/\/nvnoticias.mx\/index.php\/wp-json\/wp\/v2\/tags?post=39096"}],"curies":[{"name":"wp","href":"https:\/\/api.w.org\/{rel}","templated":true}]}}