{"id":39028,"date":"2022-02-01T09:38:12","date_gmt":"2022-02-01T15:38:12","guid":{"rendered":"https:\/\/nvnoticias.mx\/?p=39028"},"modified":"2022-02-01T09:38:13","modified_gmt":"2022-02-01T15:38:13","slug":"fallece-onesimo-cepeda-obispo-emerito-de-ecatepec","status":"publish","type":"post","link":"https:\/\/nvnoticias.mx\/index.php\/2022\/02\/01\/fallece-onesimo-cepeda-obispo-emerito-de-ecatepec\/","title":{"rendered":"Fallece On\u00e9simo Cepeda obispo em\u00e9rito de Ecatepec"},"content":{"rendered":"\n<p>La\u00a0<strong>Conferencia del Episcopado Mexicano<\/strong>\u00a0(CEM) dio a conocer que el Monse\u00f1or\u00a0<strong>On\u00e9simo Cepeda Silva<\/strong>, Obispo Em\u00e9rito de\u00a0<strong>Ecatepec<\/strong>, falleci\u00f3 este lunes.<\/p>\n\n\n\n<p>Por medio de un comunicado, la Conferencia explica que se unen en oraci\u00f3n por su descanso eterno.&nbsp;<\/p>\n\n\n\n<p>\u201cCon esperanza en la Resurrecci\u00f3n comunicamos que nuestro hermano, Mons. On\u00e9simo Cepeda Silva, Obispo Em\u00e9rito de Ecatepec ha sido llamado a participar de la Pascua Eterna de Cristo. Nos unimos en la cercan\u00eda de la fe y la oraci\u00f3n por su eterno descanso, manifestamos nuestras condolencias a sus familiares, amigos y fieles que sirvi\u00f3 en vida como su pastor\u201d, mencionan. &nbsp;<\/p>\n\n\n\n<p>El 9 de enero de este a\u00f1o, se dio a conocer que el obispo em\u00e9rito de Ecatepec, On\u00e9simo Cepeda Silva, se contagi\u00f3 de Covid-19 y ante complicaciones tuvo que ser internado en un hospital y fue intubado.\u00a0<\/p>\n\n\n\n<p>Fuente: El universal<br>\u00a0<\/p>\n","protected":false},"excerpt":{"rendered":"<p>La\u00a0Conferencia del Episcopado Mexicano\u00a0(CEM) dio a conocer que el Monse\u00f1or\u00a0On\u00e9simo Cepeda Silva, Obispo Em\u00e9rito de\u00a0Ecatepec, falleci\u00f3 este lunes. Por medio de un comunicado, la Conferencia explica que se unen en oraci\u00f3n por su descanso eterno.&nbsp; \u201cCon esperanza en la Resurrecci\u00f3n comunicamos que nuestro hermano, Mons. On\u00e9simo Cepeda Silva, Obispo Em\u00e9rito de Ecatepec ha sido llamado [&hellip;]<\/p>\n","protected":false},"author":35,"featured_media":39029,"comment_status":"open","ping_status":"open","sticky":false,"template":"","format":"standard","meta":{"_monsterinsights_skip_tracking":false,"_monsterinsights_sitenote_active":false,"_monsterinsights_sitenote_note":"","_monsterinsights_sitenote_category":0,"footnotes":""},"categories":[157],"tags":[2761,2306,731,2830],"class_list":["post-39028","post","type-post","status-publish","format-standard","has-post-thumbnail","hentry","category-nacional","tag-ecatepec","tag-fallece","tag-obispo","tag-onesimo-cepeda","wp-image-borders"],"amp_enabled":true,"_links":{"self":[{"href":"https:\/\/nvnoticias.mx\/index.php\/wp-json\/wp\/v2\/posts\/39028","targetHints":{"allow":["GET"]}}],"collection":[{"href":"https:\/\/nvnoticias.mx\/index.php\/wp-json\/wp\/v2\/posts"}],"about":[{"href":"https:\/\/nvnoticias.mx\/index.php\/wp-json\/wp\/v2\/types\/post"}],"author":[{"embeddable":true,"href":"https:\/\/nvnoticias.mx\/index.php\/wp-json\/wp\/v2\/users\/35"}],"replies":[{"embeddable":true,"href":"https:\/\/nvnoticias.mx\/index.php\/wp-json\/wp\/v2\/comments?post=39028"}],"version-history":[{"count":1,"href":"https:\/\/nvnoticias.mx\/index.php\/wp-json\/wp\/v2\/posts\/39028\/revisions"}],"predecessor-version":[{"id":39030,"href":"https:\/\/nvnoticias.mx\/index.php\/wp-json\/wp\/v2\/posts\/39028\/revisions\/39030"}],"wp:featuredmedia":[{"embeddable":true,"href":"https:\/\/nvnoticias.mx\/index.php\/wp-json\/wp\/v2\/media\/39029"}],"wp:attachment":[{"href":"https:\/\/nvnoticias.mx\/index.php\/wp-json\/wp\/v2\/media?parent=39028"}],"wp:term":[{"taxonomy":"category","embeddable":true,"href":"https:\/\/nvnoticias.mx\/index.php\/wp-json\/wp\/v2\/categories?post=39028"},{"taxonomy":"post_tag","embeddable":true,"href":"https:\/\/nvnoticias.mx\/index.php\/wp-json\/wp\/v2\/tags?post=39028"}],"curies":[{"name":"wp","href":"https:\/\/api.w.org\/{rel}","templated":true}]}}