{"id":38940,"date":"2022-01-31T14:24:20","date_gmt":"2022-01-31T20:24:20","guid":{"rendered":"https:\/\/nvnoticias.mx\/?p=38940"},"modified":"2022-01-31T14:24:22","modified_gmt":"2022-01-31T20:24:22","slug":"ausencia-de-secretario-de-gobierno-al-foro-de-reforma-electrica-fue-por-chequeo-medico","status":"publish","type":"post","link":"https:\/\/nvnoticias.mx\/index.php\/2022\/01\/31\/ausencia-de-secretario-de-gobierno-al-foro-de-reforma-electrica-fue-por-chequeo-medico\/","title":{"rendered":"Ausencia de secretario de Gobierno al foro de reforma el\u00e9ctrica fue por chequeo m\u00e9dico"},"content":{"rendered":"\n<p><strong>Sam Ojeda\u00a0\/<\/strong> <strong>NV Noticias<\/strong><\/p>\n\n\n\n<p>Xalapa.- El secretario de Gobierno, Eric Cisneros Burgos, asegur\u00f3 que su ausencia al foro sobre la reforma el\u00e9ctrica realizado este fin de semana en Boca del R\u00edo fue por un chequeo m\u00e9dico que se realiz\u00f3 como seguimiento al covid-19 que tuvo en 2020.\u00a0<\/p>\n\n\n\n<p>Por ello, neg\u00f3 que su ausencia se deba a una ruptura al interior de Morena y que no debe haber suspicacias sobre ese tema.\u00a0<\/p>\n\n\n\n<blockquote class=\"wp-block-quote is-layout-flow wp-block-quote-is-layout-flow\"><p>\u201c<em>No tiene por qu\u00e9 haber ninguna fractura de ning\u00fan tipo, no s\u00e9 por qu\u00e9 hay tanta suspicacia (\u2026) Es un chequeo que me hago desde que tuve covid en el 2020 y tuve afectaciones fuertes a los pulmones y me hago una revisi\u00f3n<\/em>\u201d. \u00a0<\/p><\/blockquote>\n\n\n\n<p>A\u00f1adi\u00f3 que aunque no qued\u00f3 con secuelas del covid-19, a\u00fan ahora sigue con algunos ejercicios para mejorar la capacidad pulmonar.\u00a0<\/p>\n\n\n\n<blockquote class=\"wp-block-quote is-layout-flow wp-block-quote-is-layout-flow\"><p>\u201c<em>No la pasamos muy bien con el tema de covid y ahorita todav\u00eda estoy haciendo ejercicios que me recomendaron, lo seguimos haciendo todas las ma\u00f1anas porque es importante que podamos estar bien de salud<\/em>\u201d.<\/p><\/blockquote>\n\n\n\n<p>En otro tema, inform\u00f3 que a partir de este martes tanto \u00e9l como el gobernador de Veracruz, Cuitl\u00e1huac Garc\u00eda Jim\u00e9nez, iniciar\u00e1n una gira de trabajo por varios municipios de la zona norte de la entidad.\u00a0<\/p>\n\n\n\n<p>Este martes iniciar\u00e1 en Tuxpan con la asistencia al cambio de general de comandante de la 19 zona militar en Tuxpan y a partir de entonces visitar\u00e1n adem\u00e1s P\u00e1nuco, Ixhuatl\u00e1n de Madero y Chiconamel. \u00a0<\/p>\n","protected":false},"excerpt":{"rendered":"<p>Sam Ojeda\u00a0\/ NV Noticias Xalapa.- El secretario de Gobierno, Eric Cisneros Burgos, asegur\u00f3 que su ausencia al foro sobre la reforma el\u00e9ctrica realizado este fin de semana en Boca del R\u00edo fue por un chequeo m\u00e9dico que se realiz\u00f3 como seguimiento al covid-19 que tuvo en 2020.\u00a0 Por ello, neg\u00f3 que su ausencia se deba [&hellip;]<\/p>\n","protected":false},"author":8,"featured_media":913,"comment_status":"open","ping_status":"open","sticky":false,"template":"","format":"standard","meta":{"_monsterinsights_skip_tracking":false,"_monsterinsights_sitenote_active":false,"_monsterinsights_sitenote_note":"","_monsterinsights_sitenote_category":0,"footnotes":""},"categories":[156],"tags":[4783,1553,4980],"class_list":["post-38940","post","type-post","status-publish","format-standard","has-post-thumbnail","hentry","category-estado","tag-eric-cisneros-burgos","tag-reforma-electrica","tag-secretario-de-gobierno","wp-image-borders"],"amp_enabled":true,"_links":{"self":[{"href":"https:\/\/nvnoticias.mx\/index.php\/wp-json\/wp\/v2\/posts\/38940","targetHints":{"allow":["GET"]}}],"collection":[{"href":"https:\/\/nvnoticias.mx\/index.php\/wp-json\/wp\/v2\/posts"}],"about":[{"href":"https:\/\/nvnoticias.mx\/index.php\/wp-json\/wp\/v2\/types\/post"}],"author":[{"embeddable":true,"href":"https:\/\/nvnoticias.mx\/index.php\/wp-json\/wp\/v2\/users\/8"}],"replies":[{"embeddable":true,"href":"https:\/\/nvnoticias.mx\/index.php\/wp-json\/wp\/v2\/comments?post=38940"}],"version-history":[{"count":1,"href":"https:\/\/nvnoticias.mx\/index.php\/wp-json\/wp\/v2\/posts\/38940\/revisions"}],"predecessor-version":[{"id":38943,"href":"https:\/\/nvnoticias.mx\/index.php\/wp-json\/wp\/v2\/posts\/38940\/revisions\/38943"}],"wp:featuredmedia":[{"embeddable":true,"href":"https:\/\/nvnoticias.mx\/index.php\/wp-json\/wp\/v2\/media\/913"}],"wp:attachment":[{"href":"https:\/\/nvnoticias.mx\/index.php\/wp-json\/wp\/v2\/media?parent=38940"}],"wp:term":[{"taxonomy":"category","embeddable":true,"href":"https:\/\/nvnoticias.mx\/index.php\/wp-json\/wp\/v2\/categories?post=38940"},{"taxonomy":"post_tag","embeddable":true,"href":"https:\/\/nvnoticias.mx\/index.php\/wp-json\/wp\/v2\/tags?post=38940"}],"curies":[{"name":"wp","href":"https:\/\/api.w.org\/{rel}","templated":true}]}}