{"id":38932,"date":"2022-01-31T13:33:04","date_gmt":"2022-01-31T19:33:04","guid":{"rendered":"https:\/\/nvnoticias.mx\/?p=38932"},"modified":"2022-01-31T13:33:05","modified_gmt":"2022-01-31T19:33:05","slug":"posponen-discusion-sobre-revocacion-de-mandato-por-problemas-con-el-aire-acondicionado","status":"publish","type":"post","link":"https:\/\/nvnoticias.mx\/index.php\/2022\/01\/31\/posponen-discusion-sobre-revocacion-de-mandato-por-problemas-con-el-aire-acondicionado\/","title":{"rendered":"Posponen discusi\u00f3n sobre revocaci\u00f3n de mandato por problemas con el aire acondicionado"},"content":{"rendered":"\n<p><strong>NV Noticias<\/strong><\/p>\n\n\n\n<p>Por un problema con el aire acondicionado de la sala de Plenos de la\u00a0Suprema Corte de Justicia de la Naci\u00f3n\u00a0(SCJN) los ministros interrumpieron la discusi\u00f3n sobre la constitucionalidad de la\u00a0Ley Federal de Revocaci\u00f3n de Mandato.<\/p>\n\n\n\n<p>Por razones de seguridad, el ministro presidente,\u00a0Arturo Zald\u00edvar\u00a0indic\u00f3 que continuar\u00e1n el debate ma\u00f1ana.<\/p>\n\n\n\n<p>En la sesi\u00f3n, el ministro Jorge Mario Pardo Rebolledo expuso su proyecto de resoluci\u00f3n en el que propone \u201crasurar\u201d la pregunta de la consulta popular sobre\u00a0revocaci\u00f3n de mandato\u00a0para eliminar la parte en la que se cuestiona a la ciudadan\u00eda si desea o no que el Presidente Andr\u00e9s Manuel L\u00f3pez Obrador concluya su mandato.<\/p>\n\n\n\n<p>A favor de esta propuesta, se alcanzaron a pronunciar los ministros Alberto P\u00e9rez Day\u00e1n, Luis Mar\u00eda Aguilar Morales y Alfredo Guti\u00e9rrez Ortiz Mena.<\/p>\n\n\n\n<blockquote class=\"wp-block-quote is-layout-flow wp-block-quote-is-layout-flow\"><p>\u201c<em>El objetivo debe ser claramente preguntar s\u00f3lo si se quiere o no revocar el mandato y la respuesta debe ser s\u00ed o no<\/em>\u201d, dijo el ministro Guti\u00e9rrez Ortiz Mena.<\/p><\/blockquote>\n\n\n\n<p>La ley establece que la pregunta para este ejercicio ser\u00e1 \u201c\u00bfEst\u00e1s de acuerdo en que a (nombre), Presidente\/a de los Estados Unidos Mexicanos, se le revoque el mandato por p\u00e9rdida de la confianza o siga en la Presidencia de la Rep\u00fablica hasta que termine su periodo?\u201d<\/p>\n\n\n\n<p>La parte de \u201co siga en la Presidencia a hasta que termine su periodo\u201d fue considerada por el ministro Pardo como una segunda pregunta que abre la puerta a una ratificaci\u00f3n del cargo.<\/p>\n\n\n\n<p>La \u00fanica que hasta el momento se ha pronunciado en contra de modificar la pregunta de la consulta es la ministra Loretta Ortiz Ahlf.<\/p>\n\n\n\n<blockquote class=\"wp-block-quote is-layout-flow wp-block-quote-is-layout-flow\"><p>\u201c<em>Es por todo ello que no comparto que la porci\u00f3n normativa se\u00f1alada desnaturalice el ejercicio y lo vuelva una ratificaci\u00f3n y me pronuncio por la validez de las disposiciones impugnadas<\/em>\u201d, apunt\u00f3.<\/p><\/blockquote>\n\n\n\n<p>Fuente: El Universal <\/p>\n","protected":false},"excerpt":{"rendered":"<p>NV Noticias Por un problema con el aire acondicionado de la sala de Plenos de la\u00a0Suprema Corte de Justicia de la Naci\u00f3n\u00a0(SCJN) los ministros interrumpieron la discusi\u00f3n sobre la constitucionalidad de la\u00a0Ley Federal de Revocaci\u00f3n de Mandato. Por razones de seguridad, el ministro presidente,\u00a0Arturo Zald\u00edvar\u00a0indic\u00f3 que continuar\u00e1n el debate ma\u00f1ana. En la sesi\u00f3n, el ministro [&hellip;]<\/p>\n","protected":false},"author":8,"featured_media":16021,"comment_status":"open","ping_status":"open","sticky":false,"template":"","format":"standard","meta":{"_monsterinsights_skip_tracking":false,"_monsterinsights_sitenote_active":false,"_monsterinsights_sitenote_note":"","_monsterinsights_sitenote_category":0,"footnotes":""},"categories":[158],"tags":[9585,9568,5354],"class_list":["post-38932","post","type-post","status-publish","format-standard","has-post-thumbnail","hentry","category-politica","tag-aire-acondicionado","tag-discusion","tag-revocacion-de-mandato","wp-image-borders"],"amp_enabled":true,"_links":{"self":[{"href":"https:\/\/nvnoticias.mx\/index.php\/wp-json\/wp\/v2\/posts\/38932","targetHints":{"allow":["GET"]}}],"collection":[{"href":"https:\/\/nvnoticias.mx\/index.php\/wp-json\/wp\/v2\/posts"}],"about":[{"href":"https:\/\/nvnoticias.mx\/index.php\/wp-json\/wp\/v2\/types\/post"}],"author":[{"embeddable":true,"href":"https:\/\/nvnoticias.mx\/index.php\/wp-json\/wp\/v2\/users\/8"}],"replies":[{"embeddable":true,"href":"https:\/\/nvnoticias.mx\/index.php\/wp-json\/wp\/v2\/comments?post=38932"}],"version-history":[{"count":1,"href":"https:\/\/nvnoticias.mx\/index.php\/wp-json\/wp\/v2\/posts\/38932\/revisions"}],"predecessor-version":[{"id":38933,"href":"https:\/\/nvnoticias.mx\/index.php\/wp-json\/wp\/v2\/posts\/38932\/revisions\/38933"}],"wp:featuredmedia":[{"embeddable":true,"href":"https:\/\/nvnoticias.mx\/index.php\/wp-json\/wp\/v2\/media\/16021"}],"wp:attachment":[{"href":"https:\/\/nvnoticias.mx\/index.php\/wp-json\/wp\/v2\/media?parent=38932"}],"wp:term":[{"taxonomy":"category","embeddable":true,"href":"https:\/\/nvnoticias.mx\/index.php\/wp-json\/wp\/v2\/categories?post=38932"},{"taxonomy":"post_tag","embeddable":true,"href":"https:\/\/nvnoticias.mx\/index.php\/wp-json\/wp\/v2\/tags?post=38932"}],"curies":[{"name":"wp","href":"https:\/\/api.w.org\/{rel}","templated":true}]}}