{"id":38925,"date":"2022-01-31T13:18:52","date_gmt":"2022-01-31T19:18:52","guid":{"rendered":"https:\/\/nvnoticias.mx\/?p=38925"},"modified":"2022-01-31T13:19:49","modified_gmt":"2022-01-31T19:19:49","slug":"habla-janet-jackson-de-las-acusaciones-contra-michael-jackson-en-nuevo-documental","status":"publish","type":"post","link":"https:\/\/nvnoticias.mx\/index.php\/2022\/01\/31\/habla-janet-jackson-de-las-acusaciones-contra-michael-jackson-en-nuevo-documental\/","title":{"rendered":"Habla Janet Jackson de las acusaciones contra Michael Jackson en nuevo documental"},"content":{"rendered":"\n<p>\u00a0La segunda parte del\u00a0esperado documental de Janet Jackson\u00a0se emiti\u00f3 el s\u00e1bado por la noche en Lifetime y en \u00e9l se sincer\u00f3 sobre algunos de los momentos m\u00e1s controvertidos de su vida.<\/p>\n\n\n\n<p>En la primera hora, la ganadora del Grammy habl\u00f3 de su relaci\u00f3n con su hermano fallecido, Michael Jackson.<\/p>\n\n\n\n<p>Dijo que, cuando se hicieron p\u00fablicas las acusaciones contra la estrella de &#8220;Thriller&#8221; sobre una relaci\u00f3n inapropiada que supuestamente tuvo con un ni\u00f1o de 13 a\u00f1os, perdi\u00f3 un lucrativo patrocinio de Coca-Cola.<\/p>\n\n\n\n<p>&#8220;Mi hermano nunca har\u00eda algo as\u00ed, pero sigo siendo culpable por asociaci\u00f3n. As\u00ed es como lo llaman, \u00bfverdad?&#8221;, dijo Janet. &#8220;\u00c9l no era as\u00ed&#8221;.<\/p>\n\n\n\n<p>Tambi\u00e9n coment\u00f3 que, aunque su hermano lleg\u00f3 a un acuerdo monetario con la familia del chico, no fue una admisi\u00f3n de culpabilidad. &#8220;\u00c9l solo quer\u00eda que se acabara, pero (con el pago) parece que es culpable&#8221;, afirm\u00f3.<\/p>\n\n\n\n<p>Fuente: CNN<\/p>\n","protected":false},"excerpt":{"rendered":"<p>\u00a0La segunda parte del\u00a0esperado documental de Janet Jackson\u00a0se emiti\u00f3 el s\u00e1bado por la noche en Lifetime y en \u00e9l se sincer\u00f3 sobre algunos de los momentos m\u00e1s controvertidos de su vida. En la primera hora, la ganadora del Grammy habl\u00f3 de su relaci\u00f3n con su hermano fallecido, Michael Jackson. Dijo que, cuando se hicieron p\u00fablicas [&hellip;]<\/p>\n","protected":false},"author":35,"featured_media":38930,"comment_status":"open","ping_status":"open","sticky":false,"template":"","format":"standard","meta":{"_monsterinsights_skip_tracking":false,"_monsterinsights_sitenote_active":false,"_monsterinsights_sitenote_note":"","_monsterinsights_sitenote_category":0,"footnotes":""},"categories":[576],"tags":[6672,413,9583,9584],"class_list":["post-38925","post","type-post","status-publish","format-standard","has-post-thumbnail","hentry","category-ocio","tag-acusaciones","tag-documental","tag-janet-jackson","tag-michael-jackson","wp-image-borders"],"amp_enabled":true,"_links":{"self":[{"href":"https:\/\/nvnoticias.mx\/index.php\/wp-json\/wp\/v2\/posts\/38925","targetHints":{"allow":["GET"]}}],"collection":[{"href":"https:\/\/nvnoticias.mx\/index.php\/wp-json\/wp\/v2\/posts"}],"about":[{"href":"https:\/\/nvnoticias.mx\/index.php\/wp-json\/wp\/v2\/types\/post"}],"author":[{"embeddable":true,"href":"https:\/\/nvnoticias.mx\/index.php\/wp-json\/wp\/v2\/users\/35"}],"replies":[{"embeddable":true,"href":"https:\/\/nvnoticias.mx\/index.php\/wp-json\/wp\/v2\/comments?post=38925"}],"version-history":[{"count":1,"href":"https:\/\/nvnoticias.mx\/index.php\/wp-json\/wp\/v2\/posts\/38925\/revisions"}],"predecessor-version":[{"id":38928,"href":"https:\/\/nvnoticias.mx\/index.php\/wp-json\/wp\/v2\/posts\/38925\/revisions\/38928"}],"wp:featuredmedia":[{"embeddable":true,"href":"https:\/\/nvnoticias.mx\/index.php\/wp-json\/wp\/v2\/media\/38930"}],"wp:attachment":[{"href":"https:\/\/nvnoticias.mx\/index.php\/wp-json\/wp\/v2\/media?parent=38925"}],"wp:term":[{"taxonomy":"category","embeddable":true,"href":"https:\/\/nvnoticias.mx\/index.php\/wp-json\/wp\/v2\/categories?post=38925"},{"taxonomy":"post_tag","embeddable":true,"href":"https:\/\/nvnoticias.mx\/index.php\/wp-json\/wp\/v2\/tags?post=38925"}],"curies":[{"name":"wp","href":"https:\/\/api.w.org\/{rel}","templated":true}]}}