{"id":38882,"date":"2022-01-31T11:34:41","date_gmt":"2022-01-31T17:34:41","guid":{"rendered":"https:\/\/nvnoticias.mx\/?p=38882"},"modified":"2022-01-31T11:34:42","modified_gmt":"2022-01-31T17:34:42","slug":"inicia-discusion-para-rasurar-revocacion-de-mandato","status":"publish","type":"post","link":"https:\/\/nvnoticias.mx\/index.php\/2022\/01\/31\/inicia-discusion-para-rasurar-revocacion-de-mandato\/","title":{"rendered":"Inicia discusi\u00f3n para &#8220;rasurar&#8221; revocaci\u00f3n de mandato"},"content":{"rendered":"\n<p><strong>NV Noticias<\/strong><\/p>\n\n\n\n<p>Este lunes la Suprema Corte de Justicia de la Naci\u00f3n (SCJN) inicia la discusi\u00f3n del proyecto que propone \u201crasurar\u201d la pregunta que se realizar\u00e1 en la consulta sobre revocaci\u00f3n de mandato para evitar que la poblaci\u00f3n sea cuestionada sobre si desea que el presidente Andr\u00e9s Manuel L\u00f3pez Obrador concluya su mandato.<\/p>\n\n\n\n<p>El proyecto fue realizado por el ministro Jorge Mario Pardo Rebolledo en la acci\u00f3n de inconstitucionalidad contra la Ley Federal de Revocaci\u00f3n de Mandato en el que tambi\u00e9n prev\u00e9 declarar que los partidos pol\u00edticos no pueden participar en ninguna de las etapas de este proceso.<\/p>\n\n\n\n<p>Seg\u00fan el proyecto p\u00fablico del ministro Pardo, consider\u00f3 que preguntarle a la gente si desea que el titular del Ejecutivo concluya su sexenio constituye una ratificaci\u00f3n del cargo, lo que est\u00e1 prohibido en la constituci\u00f3n.<\/p>\n\n\n\n<p>Para ello, aclar\u00f3 que la revocaci\u00f3n de mandato, pese a que tiene un impacto en cuestiones electorales, no es estrictamente una figura electoral, es decir, no se trata de un mecanismo para elegir a alguien para ocupar un cargo p\u00fablico sino de un mecanismo creado para remover a un funcionario de su cargo. <\/p>\n\n\n\n<blockquote class=\"wp-block-quote is-layout-flow wp-block-quote-is-layout-flow\"><p>\u201c<em>No se trata propiamente de un acto de elecci\u00f3n sino de un mecanismo para retirar a una persona de un encargo p\u00fablico a partir de la p\u00e9rdida de la confianza popular; que no es otra cosa, que la expresi\u00f3n de la ciudadan\u00eda con respecto a si una determinada persona debe o no seguir ejerciendo determinado puesto p\u00fablico<\/em>\u201d, precis\u00f3.<\/p><\/blockquote>\n\n\n\n<p>Advirti\u00f3 que este tipo de mecanismos deben dise\u00f1arse de forma tal que no impacten en la equidad de los procesos electorales ni afecten negativamente al pluralismo pol\u00edtico y los principios democr\u00e1ticos.<\/p>\n\n\n\n<blockquote class=\"wp-block-quote is-layout-flow wp-block-quote-is-layout-flow\"><p>\u201c<em>Lo \u00fanico que debe cuestionarse a la ciudadan\u00eda es si desea que determinado cargo p\u00fablico conferido a una persona determinada, concluya o no de manera anticipada; condici\u00f3n que debe impactar tanto al dise\u00f1o de la pregunta, como al dise\u00f1o de las respectivas opciones de respuesta, evitando que en ese dise\u00f1o, se cuestione sobre elementos adicionales o ajenos a dicha noci\u00f3n que puedan desnaturalizar el mecanismo<\/em>\u201d, enfatiz\u00f3.<\/p><\/blockquote>\n\n\n\n<p>La ley establece que la pregunta para este ejercicio ser\u00e1 \u201c\u00bfEst\u00e1s de acuerdo en que a (nombre), Presidente\/a de los Estados Unidos Mexicanos, se le revoque el mandato por p\u00e9rdida de la confianza o siga en la Presidencia de la Rep\u00fablica hasta que termine su periodo?\u201d<\/p>\n\n\n\n<p>La parte de \u201co siga en la Presidencia a hasta que termine su periodo\u201d fue considerada por el ministro como una segunda pregunta que abre la puerta a una ratificaci\u00f3n del cargo.<\/p>\n\n\n\n<blockquote class=\"wp-block-quote is-layout-flow wp-block-quote-is-layout-flow\"><p>\u201c<em>El problema surge, por un lado, porque se pregunta si debe revocarse el mandato, pero, por el otro, si es deseo que el Presidente contin\u00fae hasta que termine su periodo. As\u00ed, en realidad, se est\u00e1n formulando dos preguntas en la que tendr\u00eda que ser una sola interrogante, estando una de ellas referida de forma estricta a un ejercicio de revocaci\u00f3n<\/em>.<\/p><\/blockquote>\n\n\n\n<blockquote class=\"wp-block-quote is-layout-flow wp-block-quote-is-layout-flow\"><p>\u201c<em>La diversa m\u00e1s bien infiere o da espacio a construir una pregunta sobre la ratificaci\u00f3n, renovaci\u00f3n o refrendo del nombramiento (&#8230;) situaci\u00f3n que tambi\u00e9n se refleja en las opciones de respuesta que integran dicho sistema. Sin duda, desnaturaliza el mecanismo en la intenci\u00f3n<\/em>\u201d, se\u00f1ala el proyecto.<\/p><\/blockquote>\n\n\n\n<p>El ministro tambi\u00e9n prev\u00e9 declarar v\u00e1lida la recaudaci\u00f3n de firmas contemplada en la ley para solicitar el inicio del proceso de revocaci\u00f3n de mandato, tal como est\u00e1 prevista en el primer p\u00e1rrafo del art\u00edculo 13 de la legislaci\u00f3n impugnada.<\/p>\n\n\n\n<p>Sin embargo, plantear\u00e1 declarar que los partidos pol\u00edticos no tienen cabida en las mesas de casillas que se instalen para realizar la consulta popular de revocaci\u00f3n de mandato.<\/p>\n\n\n\n<p>Fuente: El Universal<\/p>\n","protected":false},"excerpt":{"rendered":"<p>NV Noticias Este lunes la Suprema Corte de Justicia de la Naci\u00f3n (SCJN) inicia la discusi\u00f3n del proyecto que propone \u201crasurar\u201d la pregunta que se realizar\u00e1 en la consulta sobre revocaci\u00f3n de mandato para evitar que la poblaci\u00f3n sea cuestionada sobre si desea que el presidente Andr\u00e9s Manuel L\u00f3pez Obrador concluya su mandato. El proyecto [&hellip;]<\/p>\n","protected":false},"author":8,"featured_media":18904,"comment_status":"open","ping_status":"open","sticky":false,"template":"","format":"standard","meta":{"_monsterinsights_skip_tracking":false,"_monsterinsights_sitenote_active":false,"_monsterinsights_sitenote_note":"","_monsterinsights_sitenote_category":0,"footnotes":""},"categories":[158],"tags":[9568,5354,3194],"class_list":["post-38882","post","type-post","status-publish","format-standard","has-post-thumbnail","hentry","category-politica","tag-discusion","tag-revocacion-de-mandato","tag-scjn","wp-image-borders"],"amp_enabled":true,"_links":{"self":[{"href":"https:\/\/nvnoticias.mx\/index.php\/wp-json\/wp\/v2\/posts\/38882","targetHints":{"allow":["GET"]}}],"collection":[{"href":"https:\/\/nvnoticias.mx\/index.php\/wp-json\/wp\/v2\/posts"}],"about":[{"href":"https:\/\/nvnoticias.mx\/index.php\/wp-json\/wp\/v2\/types\/post"}],"author":[{"embeddable":true,"href":"https:\/\/nvnoticias.mx\/index.php\/wp-json\/wp\/v2\/users\/8"}],"replies":[{"embeddable":true,"href":"https:\/\/nvnoticias.mx\/index.php\/wp-json\/wp\/v2\/comments?post=38882"}],"version-history":[{"count":1,"href":"https:\/\/nvnoticias.mx\/index.php\/wp-json\/wp\/v2\/posts\/38882\/revisions"}],"predecessor-version":[{"id":38883,"href":"https:\/\/nvnoticias.mx\/index.php\/wp-json\/wp\/v2\/posts\/38882\/revisions\/38883"}],"wp:featuredmedia":[{"embeddable":true,"href":"https:\/\/nvnoticias.mx\/index.php\/wp-json\/wp\/v2\/media\/18904"}],"wp:attachment":[{"href":"https:\/\/nvnoticias.mx\/index.php\/wp-json\/wp\/v2\/media?parent=38882"}],"wp:term":[{"taxonomy":"category","embeddable":true,"href":"https:\/\/nvnoticias.mx\/index.php\/wp-json\/wp\/v2\/categories?post=38882"},{"taxonomy":"post_tag","embeddable":true,"href":"https:\/\/nvnoticias.mx\/index.php\/wp-json\/wp\/v2\/tags?post=38882"}],"curies":[{"name":"wp","href":"https:\/\/api.w.org\/{rel}","templated":true}]}}