{"id":38825,"date":"2022-01-31T07:38:47","date_gmt":"2022-01-31T13:38:47","guid":{"rendered":"https:\/\/nvnoticias.mx\/?p=38825"},"modified":"2022-01-31T07:38:48","modified_gmt":"2022-01-31T13:38:48","slug":"de-nuevo-posponen-audiencia-de-ricardo-anaya","status":"publish","type":"post","link":"https:\/\/nvnoticias.mx\/index.php\/2022\/01\/31\/de-nuevo-posponen-audiencia-de-ricardo-anaya\/","title":{"rendered":"De nuevo posponen audiencia de Ricardo Anaya"},"content":{"rendered":"\n<p>Debido a que el juez de control dio positivo a Covid-19, la audiencia inicial en la que la Fiscal\u00eda General de la Rep\u00fablica (FGR) buscaba imputar a Ricardo Anaya, se pospuso hasta el 14 de febrero.<\/p>\n\n\n\n<p>Fuentes cercanas al caso confirmaron que la defensa de Anaya fue notificada de que el juez que orden\u00f3 citarlo para ma\u00f1ana a las 9:00 horas solicit\u00f3\u00a0licencia m\u00e9dica\u00a0por haber sido diagnosticado como positivo al virus del\u00a0SARS-Cov2.<\/p>\n\n\n\n<p>Por ello, pospuso la diligencia para el pr\u00f3ximo 14 de febrero pues desde noviembre pasado el juzgador indic\u00f3 a las partes que la audiencia deb\u00eda realizarse de manera presencial.<\/p>\n\n\n\n<p>Esta es la cuarta ocasi\u00f3n que se pospone la audiencia en la que la FGR formular\u00e1 imputaci\u00f3n contra el ex candidato presidencial por asociaci\u00f3n delictuosa, cohecho y lavado de dinero.<\/p>\n\n\n\n<p>La investigaci\u00f3n deriv\u00f3 de la denuncia presentada en agosto de 2020 por Emilio Lozoya, ex director de Petr\u00f3leos Mexicanos, en la que se\u00f1al\u00f3 a diversos funcionarios y ex funcionarios por supuestos actos de corrupci\u00f3n. <\/p>\n\n\n\n<p>Fuente: El Universal<\/p>\n","protected":false},"excerpt":{"rendered":"<p>Debido a que el juez de control dio positivo a Covid-19, la audiencia inicial en la que la Fiscal\u00eda General de la Rep\u00fablica (FGR) buscaba imputar a Ricardo Anaya, se pospuso hasta el 14 de febrero. Fuentes cercanas al caso confirmaron que la defensa de Anaya fue notificada de que el juez que orden\u00f3 citarlo [&hellip;]<\/p>\n","protected":false},"author":6,"featured_media":26598,"comment_status":"open","ping_status":"open","sticky":false,"template":"","format":"standard","meta":{"_monsterinsights_skip_tracking":false,"_monsterinsights_sitenote_active":false,"_monsterinsights_sitenote_note":"","_monsterinsights_sitenote_category":0,"footnotes":""},"categories":[158],"tags":[3090,162,509],"class_list":["post-38825","post","type-post","status-publish","format-standard","has-post-thumbnail","hentry","category-politica","tag-audiencia","tag-portada","tag-ricardo-anaya","wp-image-borders"],"amp_enabled":true,"_links":{"self":[{"href":"https:\/\/nvnoticias.mx\/index.php\/wp-json\/wp\/v2\/posts\/38825","targetHints":{"allow":["GET"]}}],"collection":[{"href":"https:\/\/nvnoticias.mx\/index.php\/wp-json\/wp\/v2\/posts"}],"about":[{"href":"https:\/\/nvnoticias.mx\/index.php\/wp-json\/wp\/v2\/types\/post"}],"author":[{"embeddable":true,"href":"https:\/\/nvnoticias.mx\/index.php\/wp-json\/wp\/v2\/users\/6"}],"replies":[{"embeddable":true,"href":"https:\/\/nvnoticias.mx\/index.php\/wp-json\/wp\/v2\/comments?post=38825"}],"version-history":[{"count":1,"href":"https:\/\/nvnoticias.mx\/index.php\/wp-json\/wp\/v2\/posts\/38825\/revisions"}],"predecessor-version":[{"id":38826,"href":"https:\/\/nvnoticias.mx\/index.php\/wp-json\/wp\/v2\/posts\/38825\/revisions\/38826"}],"wp:featuredmedia":[{"embeddable":true,"href":"https:\/\/nvnoticias.mx\/index.php\/wp-json\/wp\/v2\/media\/26598"}],"wp:attachment":[{"href":"https:\/\/nvnoticias.mx\/index.php\/wp-json\/wp\/v2\/media?parent=38825"}],"wp:term":[{"taxonomy":"category","embeddable":true,"href":"https:\/\/nvnoticias.mx\/index.php\/wp-json\/wp\/v2\/categories?post=38825"},{"taxonomy":"post_tag","embeddable":true,"href":"https:\/\/nvnoticias.mx\/index.php\/wp-json\/wp\/v2\/tags?post=38825"}],"curies":[{"name":"wp","href":"https:\/\/api.w.org\/{rel}","templated":true}]}}