{"id":38737,"date":"2022-01-29T19:21:37","date_gmt":"2022-01-30T01:21:37","guid":{"rendered":"https:\/\/nvnoticias.mx\/?p=38737"},"modified":"2022-01-29T19:21:37","modified_gmt":"2022-01-30T01:21:37","slug":"protestas-en-canada-contra-vacunacion-obligatoria-y-restricciones-por-covid","status":"publish","type":"post","link":"https:\/\/nvnoticias.mx\/index.php\/2022\/01\/29\/protestas-en-canada-contra-vacunacion-obligatoria-y-restricciones-por-covid\/","title":{"rendered":"Protestas en Canad\u00e1 contra vacunaci\u00f3n obligatoria y restricciones por Covid"},"content":{"rendered":"\n<p><strong>NV Noticias<\/strong><\/p>\n\n\n\n<p>Ottawa, Canad\u00e1.-\u00a0Miles de manifestantes\u00a0se reunieron este s\u00e1bado en la capital de Canad\u00e1 para protestar contra la\u00a0vacunaci\u00f3n contra el\u00a0Covid-19\u00a0cubrebocas\u00a0y el\u00a0confinamiento.<\/p>\n\n\n\n<p>En el centro de\u00a0Ottawa\u00a0sonaron los cl\u00e1xones. Un contingente de camiones y autos se estacion\u00f3 alrededor del Parlamento, algunos en el sitio del Memorial Nacional de Guerra, antes de que la polic\u00eda les pidiera moverse.<\/p>\n\n\n\n<blockquote class=\"wp-block-quote is-layout-flow wp-block-quote-is-layout-flow\"><p>\u201c<em>Estacionarse en este lugar sagrado que incluye la Tumba al Soldado Desconocido fue una se\u00f1al de total falta de respeto\u201d<\/em>, tuite\u00f3 el alcalde de\u00a0Ottawa,\u00a0Jim Watson.<\/p><\/blockquote>\n\n\n\n<figure class=\"wp-block-embed is-type-rich is-provider-twitter wp-block-embed-twitter\"><div class=\"wp-block-embed__wrapper\">\n<blockquote class=\"twitter-tweet\" data-width=\"550\" data-dnt=\"true\"><p lang=\"en\" dir=\"ltr\">I am sickened to see protesters dance on the Tomb of the Unknown Soldier and desecrate the National War Memorial. Generations of Canadians have fought and died for our rights, including free speech, but not this. Those involved should hang their heads in shame.<\/p>&mdash; General \/ G\u00e9n\u00e9ral Wayne Eyre (@CDS_Canada_CEMD) <a href=\"https:\/\/twitter.com\/CDS_Canada_CEMD\/status\/1487555335627943938?ref_src=twsrc%5Etfw\">January 29, 2022<\/a><\/blockquote><script async src=\"https:\/\/platform.twitter.com\/widgets.js\" charset=\"utf-8\"><\/script>\n<\/div><\/figure>\n\n\n\n<p>Algunos compararon las restricciones del\u00a0Covid-19\u00a0con el fascismo y pusieron\u00a0s\u00edmbolos nazis\u00a0en banderas canadienses volteadas. Un cami\u00f3n llevaba una bandera confederada y muchas personas sosten\u00edan letreros con improperios contra el primer ministro\u00a0Justin Trudeau.<\/p>\n\n\n\n<p>David Santos dijo que \u00e9l acudi\u00f3 desde Montreal porque cree que la exigencia para vacunarse no est\u00e1 relacionada con la salud, sino con lo que \u00e9l llama una \u201ccosa de control\u201d de los gobiernos.<\/p>\n\n\n\n<p>El convoy de camioneros y otras personas provoc\u00f3 que la polic\u00eda se preparara para posibles\u00a0actos violentos\u00a0y que el gobierno advirtiera contra una ret\u00f3rica cada vez m\u00e1s intensa vinculada con la manifestaci\u00f3n. Un alto funcionario de seguridad del Parlamento aconsej\u00f3 a legisladores cerrar con candado sus puertas ya que hubo reportes de que sus casas privadas podr\u00edan ser objetivo.<\/p>\n\n\n\n<p>Fuente: El Universal<\/p>\n","protected":false},"excerpt":{"rendered":"<p>NV Noticias Ottawa, Canad\u00e1.-\u00a0Miles de manifestantes\u00a0se reunieron este s\u00e1bado en la capital de Canad\u00e1 para protestar contra la\u00a0vacunaci\u00f3n contra el\u00a0Covid-19\u00a0cubrebocas\u00a0y el\u00a0confinamiento. En el centro de\u00a0Ottawa\u00a0sonaron los cl\u00e1xones. Un contingente de camiones y autos se estacion\u00f3 alrededor del Parlamento, algunos en el sitio del Memorial Nacional de Guerra, antes de que la polic\u00eda les pidiera moverse. [&hellip;]<\/p>\n","protected":false},"author":8,"featured_media":38738,"comment_status":"open","ping_status":"open","sticky":false,"template":"","format":"standard","meta":{"_monsterinsights_skip_tracking":false,"_monsterinsights_sitenote_active":false,"_monsterinsights_sitenote_note":"","_monsterinsights_sitenote_category":0,"footnotes":""},"categories":[181],"tags":[887,175,3173,809],"class_list":["post-38737","post","type-post","status-publish","format-standard","has-post-thumbnail","hentry","category-internacional","tag-canada-2","tag-covid-19","tag-protestas","tag-vacunacion","wp-image-borders"],"amp_enabled":true,"_links":{"self":[{"href":"https:\/\/nvnoticias.mx\/index.php\/wp-json\/wp\/v2\/posts\/38737","targetHints":{"allow":["GET"]}}],"collection":[{"href":"https:\/\/nvnoticias.mx\/index.php\/wp-json\/wp\/v2\/posts"}],"about":[{"href":"https:\/\/nvnoticias.mx\/index.php\/wp-json\/wp\/v2\/types\/post"}],"author":[{"embeddable":true,"href":"https:\/\/nvnoticias.mx\/index.php\/wp-json\/wp\/v2\/users\/8"}],"replies":[{"embeddable":true,"href":"https:\/\/nvnoticias.mx\/index.php\/wp-json\/wp\/v2\/comments?post=38737"}],"version-history":[{"count":1,"href":"https:\/\/nvnoticias.mx\/index.php\/wp-json\/wp\/v2\/posts\/38737\/revisions"}],"predecessor-version":[{"id":38739,"href":"https:\/\/nvnoticias.mx\/index.php\/wp-json\/wp\/v2\/posts\/38737\/revisions\/38739"}],"wp:featuredmedia":[{"embeddable":true,"href":"https:\/\/nvnoticias.mx\/index.php\/wp-json\/wp\/v2\/media\/38738"}],"wp:attachment":[{"href":"https:\/\/nvnoticias.mx\/index.php\/wp-json\/wp\/v2\/media?parent=38737"}],"wp:term":[{"taxonomy":"category","embeddable":true,"href":"https:\/\/nvnoticias.mx\/index.php\/wp-json\/wp\/v2\/categories?post=38737"},{"taxonomy":"post_tag","embeddable":true,"href":"https:\/\/nvnoticias.mx\/index.php\/wp-json\/wp\/v2\/tags?post=38737"}],"curies":[{"name":"wp","href":"https:\/\/api.w.org\/{rel}","templated":true}]}}