{"id":38714,"date":"2022-01-29T17:49:00","date_gmt":"2022-01-29T23:49:00","guid":{"rendered":"https:\/\/nvnoticias.mx\/?p=38714"},"modified":"2022-01-29T17:49:01","modified_gmt":"2022-01-29T23:49:01","slug":"director-del-issste-da-positivo-a-covid-19","status":"publish","type":"post","link":"https:\/\/nvnoticias.mx\/index.php\/2022\/01\/29\/director-del-issste-da-positivo-a-covid-19\/","title":{"rendered":"Director del ISSSTE da positivo a covid-19"},"content":{"rendered":"\n<p><strong>NV Noticia<\/strong><\/p>\n\n\n\n<p>Pedro Zenteno Santaella, director general del Instituto de Seguridad y Servicios Sociales de los Trabajadores del Estado (ISSSTE), dio positivo a covid-19 tras realizarse la prueba. <\/p>\n\n\n\n<p>A trav\u00e9s de sus redes sociales, inform\u00f3 que se encuentra bien, aunque con s\u00edntomas leves, y que ya est\u00e1 bajo un tratamiento homeop\u00e1tico. <\/p>\n\n\n\n<blockquote class=\"wp-block-quote is-layout-flow wp-block-quote-is-layout-flow\"><p>&#8220;<em>Buena tarde. Les informo que di positivo a la prueba de covid-19. Estoy bien con s\u00edntomas leves, ya me encuentro bajo tratamiento m\u00e9dico homeop\u00e1tico&#8221;<\/em>, escribi\u00f3.<\/p><\/blockquote>\n\n\n\n<p>Tambi\u00e9n anunci\u00f3 que se encuentra aislado y al pendiente de sus actividades desde casa, a las cuales, dijo, se reincorporar\u00e1 &#8220;en unos d\u00edas&#8221;. <\/p>\n\n\n\n<figure class=\"wp-block-embed is-type-rich is-provider-twitter wp-block-embed-twitter\"><div class=\"wp-block-embed__wrapper\">\n<blockquote class=\"twitter-tweet\" data-width=\"550\" data-dnt=\"true\"><p lang=\"es\" dir=\"ltr\">Buena tarde, les informo que di positivo a la prueba de COVID-19. Estoy bien con s\u00edntomas leves, ya me encuentro bajo tratamiento m\u00e9dico homeop\u00e1tico. En unos d\u00edas me reincorporar\u00e9 a mis actividades, mientras sigo al pendiente desde casa y aislado. Un fuerte abrazo a la distancia.<\/p>&mdash; Dr. Pedro Zenteno Santaella (@drpedrozenteno) <a href=\"https:\/\/twitter.com\/drpedrozenteno\/status\/1487537702077669387?ref_src=twsrc%5Etfw\">January 29, 2022<\/a><\/blockquote><script async src=\"https:\/\/platform.twitter.com\/widgets.js\" charset=\"utf-8\"><\/script>\n<\/div><\/figure>\n\n\n\n<p><\/p>\n","protected":false},"excerpt":{"rendered":"<p>NV Noticia Pedro Zenteno Santaella, director general del Instituto de Seguridad y Servicios Sociales de los Trabajadores del Estado (ISSSTE), dio positivo a covid-19 tras realizarse la prueba. A trav\u00e9s de sus redes sociales, inform\u00f3 que se encuentra bien, aunque con s\u00edntomas leves, y que ya est\u00e1 bajo un tratamiento homeop\u00e1tico. &#8220;Buena tarde. Les informo [&hellip;]<\/p>\n","protected":false},"author":8,"featured_media":38715,"comment_status":"open","ping_status":"open","sticky":false,"template":"","format":"standard","meta":{"_monsterinsights_skip_tracking":false,"_monsterinsights_sitenote_active":false,"_monsterinsights_sitenote_note":"","_monsterinsights_sitenote_category":0,"footnotes":""},"categories":[157],"tags":[175,1066,9541],"class_list":["post-38714","post","type-post","status-publish","format-standard","has-post-thumbnail","hentry","category-nacional","tag-covid-19","tag-issste","tag-pedro-zenteno-santaella","wp-image-borders"],"amp_enabled":true,"_links":{"self":[{"href":"https:\/\/nvnoticias.mx\/index.php\/wp-json\/wp\/v2\/posts\/38714","targetHints":{"allow":["GET"]}}],"collection":[{"href":"https:\/\/nvnoticias.mx\/index.php\/wp-json\/wp\/v2\/posts"}],"about":[{"href":"https:\/\/nvnoticias.mx\/index.php\/wp-json\/wp\/v2\/types\/post"}],"author":[{"embeddable":true,"href":"https:\/\/nvnoticias.mx\/index.php\/wp-json\/wp\/v2\/users\/8"}],"replies":[{"embeddable":true,"href":"https:\/\/nvnoticias.mx\/index.php\/wp-json\/wp\/v2\/comments?post=38714"}],"version-history":[{"count":1,"href":"https:\/\/nvnoticias.mx\/index.php\/wp-json\/wp\/v2\/posts\/38714\/revisions"}],"predecessor-version":[{"id":38716,"href":"https:\/\/nvnoticias.mx\/index.php\/wp-json\/wp\/v2\/posts\/38714\/revisions\/38716"}],"wp:featuredmedia":[{"embeddable":true,"href":"https:\/\/nvnoticias.mx\/index.php\/wp-json\/wp\/v2\/media\/38715"}],"wp:attachment":[{"href":"https:\/\/nvnoticias.mx\/index.php\/wp-json\/wp\/v2\/media?parent=38714"}],"wp:term":[{"taxonomy":"category","embeddable":true,"href":"https:\/\/nvnoticias.mx\/index.php\/wp-json\/wp\/v2\/categories?post=38714"},{"taxonomy":"post_tag","embeddable":true,"href":"https:\/\/nvnoticias.mx\/index.php\/wp-json\/wp\/v2\/tags?post=38714"}],"curies":[{"name":"wp","href":"https:\/\/api.w.org\/{rel}","templated":true}]}}