{"id":38701,"date":"2022-01-29T13:58:29","date_gmt":"2022-01-29T19:58:29","guid":{"rendered":"https:\/\/nvnoticias.mx\/?p=38701"},"modified":"2022-01-29T13:58:29","modified_gmt":"2022-01-29T19:58:29","slug":"monreal-asume-costos-de-disolucion-de-comision-especial-sobre-veracruz","status":"publish","type":"post","link":"https:\/\/nvnoticias.mx\/index.php\/2022\/01\/29\/monreal-asume-costos-de-disolucion-de-comision-especial-sobre-veracruz\/","title":{"rendered":"Monreal asume costos de disoluci\u00f3n de Comisi\u00f3n Especial sobre Veracruz"},"content":{"rendered":"\n<p><strong>NV Noticias<\/strong><\/p>\n\n\n\n<p>El presidente de la Junta de Coordinaci\u00f3n Pol\u00edtica (Jucopo) del Senado, Ricardo Monreal \u00c1vila, dijo que asumi\u00f3 los costos de la creaci\u00f3n y disoluci\u00f3n de la Comisi\u00f3n Especial que analiz\u00f3 casos de abuso de poder en Veracruz y dijo que Morena no deber\u00eda alejarse de la defensa de los desprotegidos en el pa\u00eds.<\/p>\n\n\n\n<p>En respuesta al discurso del secretario de Gobernaci\u00f3n, Ad\u00e1n Augusto L\u00f3pez, quien celebr\u00f3 la disoluci\u00f3n de dicha comisi\u00f3n y llam\u00f3 a los senadores de Morena a evitar batallas internas est\u00e9riles, Monreal reiter\u00f3 que en lo personal continuar\u00e1 con su labor en la defensa de los derechos humanos en Veracruz.<\/p>\n\n\n\n<blockquote class=\"wp-block-quote is-layout-flow wp-block-quote-is-layout-flow\"><p>\u201c<em>Ya asum\u00ed los costos de esta decisi\u00f3n. Creo que Morena no deber\u00eda de alejarse de defender a los desprotegidos a los humillados, a los perseguidos pol\u00edticos, esa es mi posici\u00f3n persona<\/em>l\u201d, dijo en su discurso al termino de la participaci\u00f3n del titular de Gobernaci\u00f3n.<\/p><\/blockquote>\n\n\n\n<blockquote class=\"wp-block-quote is-layout-flow wp-block-quote-is-layout-flow\"><p>\u00a0\u201c<em>De manera personal sin involucrar al grupo yo voy a continuar luchando personalmente, luchando por la libertad, no s\u00f3lo por Jos\u00e9 Manuel Del R\u00edo, sino de mucha gente que por ultrajes a la autoridad y otros delitos, est\u00e1n detenidos injustamente<\/em>\u201d, concluy\u00f3.<\/p><\/blockquote>\n\n\n\n<p>Fuente: El Universal <\/p>\n","protected":false},"excerpt":{"rendered":"<p>NV Noticias El presidente de la Junta de Coordinaci\u00f3n Pol\u00edtica (Jucopo) del Senado, Ricardo Monreal \u00c1vila, dijo que asumi\u00f3 los costos de la creaci\u00f3n y disoluci\u00f3n de la Comisi\u00f3n Especial que analiz\u00f3 casos de abuso de poder en Veracruz y dijo que Morena no deber\u00eda alejarse de la defensa de los desprotegidos en el pa\u00eds. [&hellip;]<\/p>\n","protected":false},"author":8,"featured_media":25845,"comment_status":"open","ping_status":"open","sticky":false,"template":"","format":"standard","meta":{"_monsterinsights_skip_tracking":false,"_monsterinsights_sitenote_active":false,"_monsterinsights_sitenote_note":"","_monsterinsights_sitenote_category":0,"footnotes":""},"categories":[158],"tags":[8415,2199,600],"class_list":["post-38701","post","type-post","status-publish","format-standard","has-post-thumbnail","hentry","category-politica","tag-comision-especial","tag-jucopo","tag-ricardo-monreal","wp-image-borders"],"amp_enabled":true,"_links":{"self":[{"href":"https:\/\/nvnoticias.mx\/index.php\/wp-json\/wp\/v2\/posts\/38701","targetHints":{"allow":["GET"]}}],"collection":[{"href":"https:\/\/nvnoticias.mx\/index.php\/wp-json\/wp\/v2\/posts"}],"about":[{"href":"https:\/\/nvnoticias.mx\/index.php\/wp-json\/wp\/v2\/types\/post"}],"author":[{"embeddable":true,"href":"https:\/\/nvnoticias.mx\/index.php\/wp-json\/wp\/v2\/users\/8"}],"replies":[{"embeddable":true,"href":"https:\/\/nvnoticias.mx\/index.php\/wp-json\/wp\/v2\/comments?post=38701"}],"version-history":[{"count":1,"href":"https:\/\/nvnoticias.mx\/index.php\/wp-json\/wp\/v2\/posts\/38701\/revisions"}],"predecessor-version":[{"id":38702,"href":"https:\/\/nvnoticias.mx\/index.php\/wp-json\/wp\/v2\/posts\/38701\/revisions\/38702"}],"wp:featuredmedia":[{"embeddable":true,"href":"https:\/\/nvnoticias.mx\/index.php\/wp-json\/wp\/v2\/media\/25845"}],"wp:attachment":[{"href":"https:\/\/nvnoticias.mx\/index.php\/wp-json\/wp\/v2\/media?parent=38701"}],"wp:term":[{"taxonomy":"category","embeddable":true,"href":"https:\/\/nvnoticias.mx\/index.php\/wp-json\/wp\/v2\/categories?post=38701"},{"taxonomy":"post_tag","embeddable":true,"href":"https:\/\/nvnoticias.mx\/index.php\/wp-json\/wp\/v2\/tags?post=38701"}],"curies":[{"name":"wp","href":"https:\/\/api.w.org\/{rel}","templated":true}]}}