{"id":38658,"date":"2022-01-29T12:06:38","date_gmt":"2022-01-29T18:06:38","guid":{"rendered":"https:\/\/nvnoticias.mx\/?p=38658"},"modified":"2022-01-29T12:08:32","modified_gmt":"2022-01-29T18:08:32","slug":"con-los-foros-de-parlamento-abierto-se-busca-obtener-votos-para-sacar-adelante-la-reforma-electrica","status":"publish","type":"post","link":"https:\/\/nvnoticias.mx\/index.php\/2022\/01\/29\/con-los-foros-de-parlamento-abierto-se-busca-obtener-votos-para-sacar-adelante-la-reforma-electrica\/","title":{"rendered":"Con los Foros de Parlamento Abierto se busca obtener votos para sacar adelante la Reforma El\u00e9ctrica"},"content":{"rendered":"\n<p><strong>Jes\u00fas Utrilla \/ NV Noticias<\/strong><\/p>\n\n\n\n<p>La&nbsp;&nbsp;Reforma El\u00e9ctrica equilibrar\u00e1 la participaci\u00f3n de capital privado y del estado mexicano en la generaci\u00f3n de electricidad.<\/p>\n\n\n\n<p>Leonel Godoy Rangel, vicecoordinador de la Bancada de Morena en San L\u00e1zaro, conf\u00edo en que los diferentes grupos voten a favor, para ello realizan los Foros de Parlamento Abierto.<\/p>\n\n\n\n<p>Dichos foros concluyen el 15 de febrero y buscan tener en marzo el debate en el pleno de la C\u00e1mara de Diputados para definir al respecto.<\/p>\n\n\n\n<blockquote class=\"wp-block-quote is-layout-flow wp-block-quote-is-layout-flow\"><p>\u201c<em>Confiamos en que la propuesta del presidente va a convencer a muchos legisladores de oposici\u00f3n de que participen porque estamos convencidos de que son patriotas y saben que no va a ser un monopolio porque habr\u00e1 una participaci\u00f3n del 46 por ciento para privados y es un mercado m\u00e1s grande que el de Espa\u00f1a o Argentina y sentimos que van a comprender que hay que recuperar la soberan\u00eda nacional sobre la electricidad y va a permitir que haya armon\u00eda entre el capital privado y la participaci\u00f3n del estado mexicano<\/em>\u201d.\u00a0<\/p><\/blockquote>\n\n\n\n<p>Afirm\u00f3 que el m\u00e1s beneficiado ser\u00e1 el consumidor porque se acabar\u00e1 con los abusos y encarecimientos de precios.<\/p>\n\n\n\n<p>Los productores independientes venden al mercado a altos precios y aunque las sociedades de autoabastecimiento deben generar para ellos mismos tienen m\u00e1s de 70 mil socios a quienes les venden, lo que est\u00e1 prohibido.<\/p>\n\n\n\n<p>Esos abusos acabar\u00e1n pues cuestan a la CFE m\u00e1s de 400 mil millones de pesos.&nbsp;<\/p>\n","protected":false},"excerpt":{"rendered":"<p>Jes\u00fas Utrilla \/ NV Noticias La&nbsp;&nbsp;Reforma El\u00e9ctrica equilibrar\u00e1 la participaci\u00f3n de capital privado y del estado mexicano en la generaci\u00f3n de electricidad. Leonel Godoy Rangel, vicecoordinador de la Bancada de Morena en San L\u00e1zaro, conf\u00edo en que los diferentes grupos voten a favor, para ello realizan los Foros de Parlamento Abierto. Dichos foros concluyen el [&hellip;]<\/p>\n","protected":false},"author":8,"featured_media":38659,"comment_status":"open","ping_status":"open","sticky":false,"template":"","format":"standard","meta":{"_monsterinsights_skip_tracking":false,"_monsterinsights_sitenote_active":false,"_monsterinsights_sitenote_note":"","_monsterinsights_sitenote_category":0,"footnotes":""},"categories":[158],"tags":[9531,9175,1553],"class_list":["post-38658","post","type-post","status-publish","format-standard","has-post-thumbnail","hentry","category-politica","tag-leonel-godoy-rangel","tag-parlamento-abierto","tag-reforma-electrica","wp-image-borders"],"amp_enabled":true,"_links":{"self":[{"href":"https:\/\/nvnoticias.mx\/index.php\/wp-json\/wp\/v2\/posts\/38658","targetHints":{"allow":["GET"]}}],"collection":[{"href":"https:\/\/nvnoticias.mx\/index.php\/wp-json\/wp\/v2\/posts"}],"about":[{"href":"https:\/\/nvnoticias.mx\/index.php\/wp-json\/wp\/v2\/types\/post"}],"author":[{"embeddable":true,"href":"https:\/\/nvnoticias.mx\/index.php\/wp-json\/wp\/v2\/users\/8"}],"replies":[{"embeddable":true,"href":"https:\/\/nvnoticias.mx\/index.php\/wp-json\/wp\/v2\/comments?post=38658"}],"version-history":[{"count":1,"href":"https:\/\/nvnoticias.mx\/index.php\/wp-json\/wp\/v2\/posts\/38658\/revisions"}],"predecessor-version":[{"id":38660,"href":"https:\/\/nvnoticias.mx\/index.php\/wp-json\/wp\/v2\/posts\/38658\/revisions\/38660"}],"wp:featuredmedia":[{"embeddable":true,"href":"https:\/\/nvnoticias.mx\/index.php\/wp-json\/wp\/v2\/media\/38659"}],"wp:attachment":[{"href":"https:\/\/nvnoticias.mx\/index.php\/wp-json\/wp\/v2\/media?parent=38658"}],"wp:term":[{"taxonomy":"category","embeddable":true,"href":"https:\/\/nvnoticias.mx\/index.php\/wp-json\/wp\/v2\/categories?post=38658"},{"taxonomy":"post_tag","embeddable":true,"href":"https:\/\/nvnoticias.mx\/index.php\/wp-json\/wp\/v2\/tags?post=38658"}],"curies":[{"name":"wp","href":"https:\/\/api.w.org\/{rel}","templated":true}]}}