{"id":38510,"date":"2022-01-28T12:25:39","date_gmt":"2022-01-28T18:25:39","guid":{"rendered":"https:\/\/nvnoticias.mx\/?p=38510"},"modified":"2022-01-28T12:25:40","modified_gmt":"2022-01-28T18:25:40","slug":"andre-pierre-gignac-da-positivo-a-covid-19","status":"publish","type":"post","link":"https:\/\/nvnoticias.mx\/index.php\/2022\/01\/28\/andre-pierre-gignac-da-positivo-a-covid-19\/","title":{"rendered":"Andr\u00e9-Pierre Gignac da positivo a Covid-19"},"content":{"rendered":"\n<p>Los contagios de\u00a0Covid-19\u00a0contin\u00faan sum\u00e1ndose en el\u00a0futbol mexicano, y ahora en la\u00a0Fecha FIFA\u00a0Tigres\u00a0comunic\u00f3 que su delantero\u00a0Andr\u00e9-Pierre Gignac\u00a0se ausent\u00f3 de la pr\u00e1ctica por estar contagiado de\u00a0coronavirus.<\/p>\n\n\n\n<p>La escuadra felina inform\u00f3 sobre el contagio del franc\u00e9s a trav\u00e9s de sus redes sociales, \u201cInformamos a nuestra afici\u00f3n que @10APG no se present\u00f3 a la pr\u00e1ctica de hoy al resultar positivo a COVID-19. \u00a1\u00c1nimo goleador, ac\u00e1 te esperamos!\u201d, escribieron.<\/p>\n\n\n\n<p>Las muestras de apoyo de los aficionados universitarios no se hicieron esperar y desearon una pronta recuperaci\u00f3n para el franc\u00e9s, quien de inmediato fue puesto bajo las medidas sanitarias necesarias para no propagar el contagio.<\/p>\n\n\n\n<p>Previo al arranque del\u00a0Clausura 2022,\u00a0Tigres\u00a0fue uno de los equipos m\u00e1s afectados por contagios. De hecho, su primer compromiso del torneo, ante Santos Laguna, tuvo que ser pospuesto por los casos positivos que presentaron.<\/p>\n\n\n\n<p>El delantero hist\u00f3rico de\u00a0Tigres\u00a0estar\u00e1 fuera de actividad por unos d\u00edas, por lo que podr\u00eda perderse el siguiente partido de la fecha 4 cuando reciban en el\u00a0estadio Universitario\u00a0al\u00a0Mazatl\u00e1n.<\/p>\n\n\n\n<figure class=\"wp-block-embed is-type-rich is-provider-twitter wp-block-embed-twitter\"><div class=\"wp-block-embed__wrapper\">\n<blockquote class=\"twitter-tweet\" data-width=\"550\" data-dnt=\"true\"><p lang=\"es\" dir=\"ltr\">\u25b6\ufe0f Informamos a nuestra afici\u00f3n que <a href=\"https:\/\/twitter.com\/10APG?ref_src=twsrc%5Etfw\">@10APG<\/a> no se present\u00f3 a la pr\u00e1ctica de hoy al resultar positivo a COVID-19. <br><br>\u00a1\u00c1nimo goleador, ac\u00e1 te esperamos! <a href=\"https:\/\/t.co\/J3bYSgexwg\">pic.twitter.com\/J3bYSgexwg<\/a><\/p>&mdash; Club Tigres Oficial ???? (@TigresOficial) <a href=\"https:\/\/twitter.com\/TigresOficial\/status\/1486881804816728073?ref_src=twsrc%5Etfw\">January 28, 2022<\/a><\/blockquote><script async src=\"https:\/\/platform.twitter.com\/widgets.js\" charset=\"utf-8\"><\/script>\n<\/div><\/figure>\n","protected":false},"excerpt":{"rendered":"<p>Los contagios de\u00a0Covid-19\u00a0contin\u00faan sum\u00e1ndose en el\u00a0futbol mexicano, y ahora en la\u00a0Fecha FIFA\u00a0Tigres\u00a0comunic\u00f3 que su delantero\u00a0Andr\u00e9-Pierre Gignac\u00a0se ausent\u00f3 de la pr\u00e1ctica por estar contagiado de\u00a0coronavirus. La escuadra felina inform\u00f3 sobre el contagio del franc\u00e9s a trav\u00e9s de sus redes sociales, \u201cInformamos a nuestra afici\u00f3n que @10APG no se present\u00f3 a la pr\u00e1ctica de hoy al resultar [&hellip;]<\/p>\n","protected":false},"author":8,"featured_media":38511,"comment_status":"open","ping_status":"open","sticky":false,"template":"","format":"standard","meta":{"_monsterinsights_skip_tracking":false,"_monsterinsights_sitenote_active":false,"_monsterinsights_sitenote_note":"","_monsterinsights_sitenote_category":0,"footnotes":""},"categories":[159],"tags":[9471,175,1303],"class_list":["post-38510","post","type-post","status-publish","format-standard","has-post-thumbnail","hentry","category-deportes","tag-andre-pierre-gignac","tag-covid-19","tag-tigres-uanl","wp-image-borders"],"amp_enabled":true,"_links":{"self":[{"href":"https:\/\/nvnoticias.mx\/index.php\/wp-json\/wp\/v2\/posts\/38510","targetHints":{"allow":["GET"]}}],"collection":[{"href":"https:\/\/nvnoticias.mx\/index.php\/wp-json\/wp\/v2\/posts"}],"about":[{"href":"https:\/\/nvnoticias.mx\/index.php\/wp-json\/wp\/v2\/types\/post"}],"author":[{"embeddable":true,"href":"https:\/\/nvnoticias.mx\/index.php\/wp-json\/wp\/v2\/users\/8"}],"replies":[{"embeddable":true,"href":"https:\/\/nvnoticias.mx\/index.php\/wp-json\/wp\/v2\/comments?post=38510"}],"version-history":[{"count":1,"href":"https:\/\/nvnoticias.mx\/index.php\/wp-json\/wp\/v2\/posts\/38510\/revisions"}],"predecessor-version":[{"id":38512,"href":"https:\/\/nvnoticias.mx\/index.php\/wp-json\/wp\/v2\/posts\/38510\/revisions\/38512"}],"wp:featuredmedia":[{"embeddable":true,"href":"https:\/\/nvnoticias.mx\/index.php\/wp-json\/wp\/v2\/media\/38511"}],"wp:attachment":[{"href":"https:\/\/nvnoticias.mx\/index.php\/wp-json\/wp\/v2\/media?parent=38510"}],"wp:term":[{"taxonomy":"category","embeddable":true,"href":"https:\/\/nvnoticias.mx\/index.php\/wp-json\/wp\/v2\/categories?post=38510"},{"taxonomy":"post_tag","embeddable":true,"href":"https:\/\/nvnoticias.mx\/index.php\/wp-json\/wp\/v2\/tags?post=38510"}],"curies":[{"name":"wp","href":"https:\/\/api.w.org\/{rel}","templated":true}]}}