{"id":38499,"date":"2022-01-28T12:02:12","date_gmt":"2022-01-28T18:02:12","guid":{"rendered":"https:\/\/nvnoticias.mx\/?p=38499"},"modified":"2022-01-28T12:02:13","modified_gmt":"2022-01-28T18:02:13","slug":"militantes-del-pri-pidieron-que-daniel-galindo-no-tenga-injerencia-en-areas-del-ayuntamiento","status":"publish","type":"post","link":"https:\/\/nvnoticias.mx\/index.php\/2022\/01\/28\/militantes-del-pri-pidieron-que-daniel-galindo-no-tenga-injerencia-en-areas-del-ayuntamiento\/","title":{"rendered":"Militantes del PRI pidieron que Daniel Galindo no tenga injerencia en \u00e1reas del ayuntamiento"},"content":{"rendered":"\n<p><strong>Jes\u00fas Utrilla \/ NV Noticias<\/strong><\/p>\n\n\n\n<p>Irene Arag\u00f3n Santiago, l\u00edder del Movimiento Territorial adherido al PRI, acus\u00f3 a Daniel Galindo Moreno, coordinador municipal del organismo, de pretender colocar gente en Gobernaci\u00f3n y de mal manejar recursos del partido.<\/p>\n\n\n\n<p>Pidi\u00f3 que no se le permita tener injerencia en el \u00e1rea mencionada pues no trabaja por los intereses del PRI sino por los propios.<\/p>\n\n\n\n<blockquote class=\"wp-block-quote is-layout-flow wp-block-quote-is-layout-flow\"><p><em>\u201cNo puede estar en cargos la gente de Galindo ni Galindo. En cargos administrativos en la comuna municipal. Hoy pido a la se\u00f1ora Paty que no le permita que siga metiendo m\u00e1s gente\u201d.<\/em><\/p><\/blockquote>\n\n\n\n<p>Advirti\u00f3 que si se permite a Daniel Galindo tener injerencia en \u00e1reas del ayuntamiento llevar\u00e1 a cabo malas pr\u00e1cticas.<\/p>\n\n\n\n<p>Adem\u00e1s lo acus\u00f3 de traicionar al partido, luego de impulsar a candidatos de otros organismos en pasadas elecciones.<\/p>\n\n\n\n<blockquote class=\"wp-block-quote is-layout-flow wp-block-quote-is-layout-flow\"><p><em>\u201c\u00c9l ve para \u00e9l y para \u00e9l y para su equipo. \u00c9l va en la dupla de que puede ocupar una cartera en Gobernaci\u00f3n municipal, tengo entendido que tambi\u00e9n va Argud\u00edn\u201d.<\/em><\/p><\/blockquote>\n\n\n\n<p>Se quej\u00f3 tambi\u00e9n de otros militantes del PRI por trabajar por sus propios intereses y no los del organismo pol\u00edtico.<\/p>\n\n\n\n<blockquote class=\"wp-block-quote is-layout-flow wp-block-quote-is-layout-flow\"><p><em>\u201cSi ahorita que no est\u00e1 en n\u00f3mina hace lo que hace, imag\u00ednense si llega a Gobernaci\u00f3n y llega a tratar con medio mundo\u201d.<\/em><\/p><\/blockquote>\n\n\n\n<p>Insisti\u00f3 en que el PRI necesita depurarse de malos elementos y dar oportunidad a quienes trabajan a favor del crecimiento de la instituci\u00f3n.<\/p>\n","protected":false},"excerpt":{"rendered":"<p>Jes\u00fas Utrilla \/ NV Noticias Irene Arag\u00f3n Santiago, l\u00edder del Movimiento Territorial adherido al PRI, acus\u00f3 a Daniel Galindo Moreno, coordinador municipal del organismo, de pretender colocar gente en Gobernaci\u00f3n y de mal manejar recursos del partido. Pidi\u00f3 que no se le permita tener injerencia en el \u00e1rea mencionada pues no trabaja por los intereses [&hellip;]<\/p>\n","protected":false},"author":8,"featured_media":38504,"comment_status":"open","ping_status":"open","sticky":false,"template":"","format":"standard","meta":{"_monsterinsights_skip_tracking":false,"_monsterinsights_sitenote_active":false,"_monsterinsights_sitenote_note":"","_monsterinsights_sitenote_category":0,"footnotes":""},"categories":[158],"tags":[9461,1209,208],"class_list":["post-38499","post","type-post","status-publish","format-standard","has-post-thumbnail","hentry","category-politica","tag-daniel-galindo","tag-militantes","tag-pri","wp-image-borders"],"amp_enabled":true,"_links":{"self":[{"href":"https:\/\/nvnoticias.mx\/index.php\/wp-json\/wp\/v2\/posts\/38499","targetHints":{"allow":["GET"]}}],"collection":[{"href":"https:\/\/nvnoticias.mx\/index.php\/wp-json\/wp\/v2\/posts"}],"about":[{"href":"https:\/\/nvnoticias.mx\/index.php\/wp-json\/wp\/v2\/types\/post"}],"author":[{"embeddable":true,"href":"https:\/\/nvnoticias.mx\/index.php\/wp-json\/wp\/v2\/users\/8"}],"replies":[{"embeddable":true,"href":"https:\/\/nvnoticias.mx\/index.php\/wp-json\/wp\/v2\/comments?post=38499"}],"version-history":[{"count":1,"href":"https:\/\/nvnoticias.mx\/index.php\/wp-json\/wp\/v2\/posts\/38499\/revisions"}],"predecessor-version":[{"id":38505,"href":"https:\/\/nvnoticias.mx\/index.php\/wp-json\/wp\/v2\/posts\/38499\/revisions\/38505"}],"wp:featuredmedia":[{"embeddable":true,"href":"https:\/\/nvnoticias.mx\/index.php\/wp-json\/wp\/v2\/media\/38504"}],"wp:attachment":[{"href":"https:\/\/nvnoticias.mx\/index.php\/wp-json\/wp\/v2\/media?parent=38499"}],"wp:term":[{"taxonomy":"category","embeddable":true,"href":"https:\/\/nvnoticias.mx\/index.php\/wp-json\/wp\/v2\/categories?post=38499"},{"taxonomy":"post_tag","embeddable":true,"href":"https:\/\/nvnoticias.mx\/index.php\/wp-json\/wp\/v2\/tags?post=38499"}],"curies":[{"name":"wp","href":"https:\/\/api.w.org\/{rel}","templated":true}]}}