{"id":38458,"date":"2022-01-28T10:22:48","date_gmt":"2022-01-28T16:22:48","guid":{"rendered":"https:\/\/nvnoticias.mx\/?p=38458"},"modified":"2022-01-28T10:22:49","modified_gmt":"2022-01-28T16:22:49","slug":"espana-otorga-beneplacito-a-quirino-ordaz-como-embajador-de-mexico","status":"publish","type":"post","link":"https:\/\/nvnoticias.mx\/index.php\/2022\/01\/28\/espana-otorga-beneplacito-a-quirino-ordaz-como-embajador-de-mexico\/","title":{"rendered":"Espa\u00f1a otorga benepl\u00e1cito a Quirino Ordaz como embajador de M\u00e9xico"},"content":{"rendered":"\n<p>El gobierno de Espa\u00f1a otorg\u00f3 su benepl\u00e1cito para que Quirino Ordaz Coppel, ex gobernador de Sinaloa, sea el nuevo embajador de M\u00e9xico en ese pa\u00eds, seg\u00fan inform\u00f3 el secretario de Relaciones Exteriores, Marcelo Ebrard. <\/p>\n\n\n\n<p>A trav\u00e9s de sus redes sociales, el canciller anunci\u00f3 que la designaci\u00f3n se hab\u00eda hecho p\u00fablica por orden del presidente Andr\u00e9s Manuel L\u00f3pez Obrador, y que a continuaci\u00f3n proceder\u00eda a turnar el documento ante la Secretar\u00eda de Gobernaci\u00f3n para los efectos de ley correspondientes. <\/p>\n\n\n\n<blockquote class=\"wp-block-quote is-layout-flow wp-block-quote-is-layout-flow\"><p>\u201c<em>Les comparto, por instrucciones del Presidente L\u00f3pez Obrador, el benepl\u00e1cito otorgado a Quirino Ordaz como Embajador de nuestro pa\u00eds ante el Reino de Espa\u00f1a. Procedo a turnarlo a la Secretar\u00eda de Gobernaci\u00f3n para los efectos de ley<\/em>\u201d, escribi\u00f3.<\/p><\/blockquote>\n\n\n\n<figure class=\"wp-block-embed is-type-rich is-provider-twitter wp-block-embed-twitter\"><div class=\"wp-block-embed__wrapper\">\n<blockquote class=\"twitter-tweet\" data-width=\"550\" data-dnt=\"true\"><p lang=\"es\" dir=\"ltr\">Les comparto, por instrucciones del Presidente L\u00f3pez Obrador, el benepl\u00e1cito otorgado a Quirino Ordaz como Embajador de nuestro pa\u00eds ante el Reino de Espa\u00f1a. Procedo a turnarlo a la Secretar\u00eda de Gobernaci\u00f3n para los efectos de ley. <a href=\"https:\/\/t.co\/xrG0pIZ1gL\">pic.twitter.com\/xrG0pIZ1gL<\/a><\/p>&mdash; Marcelo Ebrard C. (@m_ebrard) <a href=\"https:\/\/twitter.com\/m_ebrard\/status\/1487088169606602752?ref_src=twsrc%5Etfw\">January 28, 2022<\/a><\/blockquote><script async src=\"https:\/\/platform.twitter.com\/widgets.js\" charset=\"utf-8\"><\/script>\n<\/div><\/figure>\n\n\n\n<p>A trav\u00e9s de una nota verbal, el Ministerio e Asuntos Exteriores, Uni\u00f3n Europea y Cooperaci\u00f3n, apunt\u00f3 que \u201ctiene a honra\u201d informar al gobierno mexicano que Espa\u00f1a dio su benepl\u00e1cito en la propuesta, a la vez que aprovecharon la oportunidad para expresar \u201cel testimonio de su alta consideraci\u00f3n\u201d.<\/p>\n\n\n\n<p> La semana pasada, el Presidente aclar\u00f3 que est\u00e1n bien las relaciones diplom\u00e1ticas entre M\u00e9xico y Espa\u00f1a, pese a las diferencias que han existido principalmente por la negativa del pa\u00eds europeo de ofrecer disculpas por los abusos cometidos en la conquista. <\/p>\n\n\n\n<blockquote class=\"wp-block-quote is-layout-flow wp-block-quote-is-layout-flow\"><p>\u201c<em>Va bien, es un proceso, tarda pero no ha habido ninguna notificaci\u00f3n del gobierno de Espa\u00f1a de que no acepten a Quirino Ordaz como embajador. Yo creo que ya en unos d\u00edas m\u00e1s se va a dar el benepl\u00e1cito, no hay ning\u00fan motivo para que no se acepte<\/em>\u201d, explic\u00f3.<\/p><\/blockquote>\n\n\n\n<p>Fuente: Milenio <\/p>\n","protected":false},"excerpt":{"rendered":"<p>El gobierno de Espa\u00f1a otorg\u00f3 su benepl\u00e1cito para que Quirino Ordaz Coppel, ex gobernador de Sinaloa, sea el nuevo embajador de M\u00e9xico en ese pa\u00eds, seg\u00fan inform\u00f3 el secretario de Relaciones Exteriores, Marcelo Ebrard. A trav\u00e9s de sus redes sociales, el canciller anunci\u00f3 que la designaci\u00f3n se hab\u00eda hecho p\u00fablica por orden del presidente Andr\u00e9s [&hellip;]<\/p>\n","protected":false},"author":8,"featured_media":24378,"comment_status":"open","ping_status":"open","sticky":false,"template":"","format":"standard","meta":{"_monsterinsights_skip_tracking":false,"_monsterinsights_sitenote_active":false,"_monsterinsights_sitenote_note":"","_monsterinsights_sitenote_category":0,"footnotes":""},"categories":[158],"tags":[593,162,6062],"class_list":["post-38458","post","type-post","status-publish","format-standard","has-post-thumbnail","hentry","category-politica","tag-espana","tag-portada","tag-quirino-ordaz","wp-image-borders"],"amp_enabled":true,"_links":{"self":[{"href":"https:\/\/nvnoticias.mx\/index.php\/wp-json\/wp\/v2\/posts\/38458","targetHints":{"allow":["GET"]}}],"collection":[{"href":"https:\/\/nvnoticias.mx\/index.php\/wp-json\/wp\/v2\/posts"}],"about":[{"href":"https:\/\/nvnoticias.mx\/index.php\/wp-json\/wp\/v2\/types\/post"}],"author":[{"embeddable":true,"href":"https:\/\/nvnoticias.mx\/index.php\/wp-json\/wp\/v2\/users\/8"}],"replies":[{"embeddable":true,"href":"https:\/\/nvnoticias.mx\/index.php\/wp-json\/wp\/v2\/comments?post=38458"}],"version-history":[{"count":1,"href":"https:\/\/nvnoticias.mx\/index.php\/wp-json\/wp\/v2\/posts\/38458\/revisions"}],"predecessor-version":[{"id":38460,"href":"https:\/\/nvnoticias.mx\/index.php\/wp-json\/wp\/v2\/posts\/38458\/revisions\/38460"}],"wp:featuredmedia":[{"embeddable":true,"href":"https:\/\/nvnoticias.mx\/index.php\/wp-json\/wp\/v2\/media\/24378"}],"wp:attachment":[{"href":"https:\/\/nvnoticias.mx\/index.php\/wp-json\/wp\/v2\/media?parent=38458"}],"wp:term":[{"taxonomy":"category","embeddable":true,"href":"https:\/\/nvnoticias.mx\/index.php\/wp-json\/wp\/v2\/categories?post=38458"},{"taxonomy":"post_tag","embeddable":true,"href":"https:\/\/nvnoticias.mx\/index.php\/wp-json\/wp\/v2\/tags?post=38458"}],"curies":[{"name":"wp","href":"https:\/\/api.w.org\/{rel}","templated":true}]}}